{"id":39048,"date":"2024-05-16T15:00:00","date_gmt":"2024-05-16T13:00:00","guid":{"rendered":"https:\/\/catholic-su.rs\/?p=39048"},"modified":"2024-05-17T15:36:27","modified_gmt":"2024-05-17T13:36:27","slug":"jerikoi-virrasztas-szabadkan","status":"publish","type":"post","link":"https:\/\/catholic-su.rs\/hu\/jerikoi-virrasztas-szabadkan\/","title":{"rendered":"Jerik\u00f3i virraszt\u00e1s Szabadk\u00e1n"},"content":{"rendered":"\t\t<div data-elementor-type=\"wp-post\" data-elementor-id=\"39048\" class=\"elementor elementor-39048\" data-elementor-post-type=\"post\">\n\t\t\t\t\t\t<section class=\"elementor-section elementor-top-section elementor-element elementor-element-7d722fb elementor-section-boxed elementor-section-height-default elementor-section-height-default\" data-id=\"7d722fb\" data-element_type=\"section\" data-e-type=\"section\">\n\t\t\t\t\t\t<div class=\"elementor-container elementor-column-gap-default\">\n\t\t\t\t\t<div class=\"elementor-column elementor-col-100 elementor-top-column elementor-element elementor-element-7219ce9\" data-id=\"7219ce9\" data-element_type=\"column\" data-e-type=\"column\">\n\t\t\t<div class=\"elementor-widget-wrap elementor-element-populated\">\n\t\t\t\t\t\t<div class=\"elementor-element elementor-element-3d5ce1f elementor-widget elementor-widget-text-editor\" data-id=\"3d5ce1f\" data-element_type=\"widget\" data-e-type=\"widget\" data-widget_type=\"text-editor.default\">\n\t\t\t\t<div class=\"elementor-widget-container\">\n\t\t\t\t\t\t\t\t\t<p style=\"line-height: 150%; text-indent: 1.25cm; margin-bottom: 0cm;\" align=\"justify\">A <b>Pr<\/b><span lang=\"hu-HU\"><b>oroci (Pr\u00f3f\u00e9t\u00e1k)<\/b><\/span> imacsoport imm\u00e1ron \u00f6t \u00e9ve szervezi meg Szabadk\u00e1n a <span lang=\"hu-HU\"><i>J<\/i><\/span><i>erik\u00f3i virraszt\u00e1s<\/i>t <span lang=\"hu-HU\">a ferences rendh\u00e1z Fekete Boldogasszony k\u00e1poln\u00e1j\u00e1ban.<\/span><\/p>\n<p style=\"line-height: 150%; text-indent: 1.25cm; margin-bottom: 0cm;\" align=\"justify\">&#8211; <span lang=\"hu-HU\">Kezdett\u0151l fogva az volt a c\u00e9l, hogy im\u00e1dkozzunk azok\u00e9rt az embert\u00e1rsaink\u00e9rt akikkel egy\u00fctt \u00e9l\u00fcnk, eltekintve att\u00f3l, hogy kereszt\u00e9nyek e vagy sem. Ez a k\u00fcldet\u00e9s\u00fcnk, \u00e9s ehhez tartjuk magunkat. A <\/span><span lang=\"hu-HU\"><i>Jerik\u00f3i virraszt\u00e1s<\/i><\/span><span lang=\"hu-HU\"> egy imaakci\u00f3, melynek sor\u00e1n a h\u00edvek h\u00e9t nap \u00e9s h\u00e9t \u00e9jjel im\u00e1dkoznak az Olt\u00e1riszents\u00e9g el\u0151tt. A mi imacsoportunk azon f\u00e1radozik, hogy mozg\u00f3s\u00edtsuk az embereket. Az a c\u00e9lunk, hogy minden id\u0151pontot bet\u00f6lts\u00fcnk, \u00e9s \u00edgy minden \u00f3r\u00e1ban legyen legal\u00e1bb egy im\u00e1dkoz\u00f3 h\u00edv\u0151. \u00c9vr\u0151l \u00e9vre k\u00f6nnyebb megszervezni ezt, hisz az emberek sz\u00edvesen csatlakoznak az akci\u00f3nkhoz. A h\u00edvek saj\u00e1t maguk jelentkeznek, \u00edgy nincs sz\u00fcks\u00e9g\u00fcnk t\u00fal sok r\u00e1hat\u00e1sra \u2013 mes\u00e9li <\/span><span lang=\"hu-HU\"><b>Filip <\/b><\/span><span lang=\"en-US\"><b>\u010celikovi\u0107<\/b><\/span><span lang=\"en-US\"> a <\/span><span lang=\"hu-HU\">Proroci imacsoport oszlopos tagja.<\/span><\/p>\n<p style=\"line-height: 150%; text-indent: 1.25cm; margin-bottom: 0cm;\" align=\"justify\"><span lang=\"hu-HU\">A h\u00e9t nappal \u00e9s h\u00e9t \u00e9jjelen \u00e1t tart\u00f3 szents\u00e9gim\u00e1d\u00e1s \u00f6sszesen 168 \u00f3r\u00e1t tesz, amihez legal\u00e1bb 141 szem\u00e9lyre van sz\u00fcks\u00e9g, hisz ez alatt szentmis\u00e9ket is szolg\u00e1ltatnak, illetve k\u00fcl\u00f6nb\u00f6z\u0151 imacsoportok is bekapcsol\u00f3dnak. Vannak olyan szem\u00e9lyek, akik t\u00f6bb alkalomra is feliratkoznak, s\u0151t r\u00e9szt vesznek olyan h\u00edvek is akik el\u0151z\u0151leg nem v\u00e1llaltak konkr\u00e9t id\u0151pontot. A virraszt\u00e1son megjelennek k\u00fcl\u00f6nb\u00f6z\u0151 \u00f6sszet\u00e9tel\u0171 imacsoportok, fiatalok, valamint a hittanosok is. Az ut\u00f3bbi \u00e9vekben k\u00fcl\u00f6n f\u00e9rfi, illetve n\u0151i est\u00e9ket is szerveznek, amelyeken ugyancsak sz\u00e9p sz\u00e1mban vesznek r\u00e9szt az im\u00e1dkoz\u00f3k.<\/span><\/p>\n<p style=\"line-height: 150%; text-indent: 1.25cm; margin-bottom: 0cm;\" align=\"justify\"><span lang=\"hu-HU\">&#8211; Nem rendelkez\u00fcnk pontos adatokkal, ami a r\u00e9sztvev\u0151k sz\u00e1m\u00e1t illeti, mert minden id\u0151pontban egyszerre t\u00f6bben is jelen vannak. Ami az egyh\u00e1zat illeti a l\u00e9tsz\u00e1mra nem kell alapozni, hisz J\u00e9zust is kezdetben sokan k\u00f6vett\u00e9k, majd pedig csak a tan\u00edtv\u00e1nyok maradtak mellette. A folytonos im\u00e1ban neh\u00e9z kitartani. Sz\u00e1munkra azonban az a fontos, hogy l\u00e1ssuk az \u00e1lland\u00f3s\u00e1gok, \u00e9s hogy tudjuk, hogy ezt a v\u00e1rosunk\u00e9rt tessz\u00fck. L\u00e9nyegtelen, hogy 10, 50 vagy 1000 ember gy\u0171lik \u00f6ssze, legfontosabb az, hogy k\u00f6z\u00f6sen im\u00e1dkozzunk \u2013 hangoztatta besz\u00e9lget\u0151t\u00e1rsunk<\/span><span lang=\"en-US\">.<\/span><\/p>\n<p style=\"line-height: 150%; text-indent: 1.25cm; margin-bottom: 0cm;\" align=\"justify\"><span lang=\"hu-HU\">Az imasz\u00e1nd\u00e9k minden \u00e9vben ugyanaz, csak a jelmondata v\u00e1ltozik. Az idei \u00e9v jelmondata a k\u00f6vetkez\u0151: \u201e<\/span><span lang=\"en-US\"><b>Aty\u00e1<\/b><\/span><span lang=\"hu-HU\"><b>m, szeretn\u00e9lek megismerni<\/b><\/span><span lang=\"hu-HU\">!\u201d<\/span><\/p>\n<p style=\"line-height: 150%; text-indent: 1.25cm; margin-bottom: 0cm;\" align=\"justify\"><span lang=\"hu-HU\">&#8211; A virraszt\u00e1s kezdeti szakasz\u00e1ban az Evang\u00e9lium a jelmondatunkhoz kapcsol\u00f3dott. Nem is vett\u00fcnk r\u00f3la tudom\u00e1st, de kider\u00fclt, hogy az \u00dar sugallta ezt nek\u00fcnk az im\u00e1ds\u00e1gok sor\u00e1n. Biztosak vagyunk benne, hogy az \u0150 akarata teljes\u00fclt ez\u00e1ltal. Sz\u00e1mtalan lelki k\u00f6z\u00f6ss\u00e9gben, illetve vil\u00e1gszerte felismert\u00e9k az Aty\u00e1r\u00f3l val\u00f3 besz\u00e9lget\u00e9snek a fontoss\u00e1g\u00e1t. Mint a Szenth\u00e1roms\u00e1g egyike, az Atya alakja nem el\u00e9gg\u00e9 felismerhet\u0151. \u00c9vsz\u00e1zadokon kereszt\u00fcl megismert\u00fck J\u00e9zus Krisztust, majd a XX-ik sz\u00e1zadban jobban megismert\u00fck a Szentlelket is, de az Atya ismeretlen maradt sz\u00e1munkra. A mi mentalit\u00e1sunkban<\/span> <span lang=\"hu-HU\">gyakran halv\u00e1ny az \u00e9desap\u00e1kr\u00f3l alkotott k\u00e9p, m\u00e9g csal\u00e1dokon bel\u00fcl is. Ezen jav\u00edtani kell, f\u0151leg ebben a mai vil\u00e1gban. Sz\u00fcks\u00e9g\u00e9t l\u00e1tjuk annak, hogy \u00e9reztetni kell azt: az Atya elfogad, szeret \u00e9s biztons\u00e1got ny\u00fajt nek\u00fcnk \u2013 magyar\u00e1zta el <\/span><span lang=\"hu-HU\"><b>Filip \u010celikovi\u0107<\/b><\/span><span lang=\"en-US\">.<\/span><\/p>\n<p style=\"line-height: 150%; text-indent: 1.25cm; margin-bottom: 0cm;\" align=\"justify\"><span lang=\"hu-HU\">A <\/span><span lang=\"hu-HU\"><i>Jerik\u00f3i virraszt\u00e1s<\/i><\/span><span lang=\"hu-HU\"> alatt n\u0151i estet is szerveznek m\u00e1jus 16-\u00e1n 21.00 \u00f3rai kezdettel, majd egy nappal k\u00e9s\u0151bb, m\u00e1jus 17-\u00e9n \u00e9jf\u00e9lkor a f\u00e9rfiak gy\u0171lnek \u00f6ssze im\u00e1dkozni.<\/span><\/p>\n<p style=\"line-height: 150%; text-indent: 1.25cm; margin-bottom: 0cm;\" align=\"justify\"><span lang=\"hu-HU\">Az idei <\/span><span lang=\"hu-HU\"><i>Jerik\u00f3i virraszt\u00e1s<\/i><\/span><span lang=\"hu-HU\"> \u00fcnnepi szentmis\u00e9vel z\u00e1rul m\u00e1jus 18-\u00e1n 18.00 \u00f3rakor. A Proroci imacsoportj\u00e1nak tagjai mindenkit szeretettel megh\u00edvnak a h\u00e1laad\u00f3 szentmis\u00e9re, amelyen k\u00f6sz\u00f6netet mondanak az \u00darnak a kapott kegyelmek\u00e9rt az im\u00e1val tel\u00edtett 168 \u00f3ra alatt.<\/span><\/p>\n<p lang=\"hu-HU\" style=\"line-height: 150%; margin-bottom: 0cm;\" align=\"justify\">\n<\/p><p style=\"line-height: 150%; margin-bottom: 0cm;\" align=\"justify\"><span lang=\"hu-HU\"><b>Proroci (Pr\u00f3f\u00e9t\u00e1k)<\/b><\/span><\/p>\n<p style=\"line-height: 150%; margin-bottom: 0cm;\" align=\"justify\"><span lang=\"hu-HU\">Az imacsoport, mint zen\u00e9s egy\u00fcttes 2006-ban alakult ft. <\/span><span lang=\"hu-HU\"><u>Marinko<\/u><\/span> <span lang=\"en-US\"><u>Stanti\u0107, <\/u><\/span><span lang=\"en-US\">pl\u00e9b\u00e1nos atya <\/span><span lang=\"hu-HU\">kezdem\u00e9nyez\u00e9s\u00e9re. \u00c9veken kereszt\u00fcl az egy\u00fcttes sz\u00e1mos zenei fesztiv\u00e1lon vett r\u00e9sz Horv\u00e1torsz\u00e1gban, valamint a hazai Hozsanna-fest c\u00edm\u0171 fesztiv\u00e1lon is ott voltak. Az \u00e9vek sor\u00e1n a tal\u00e1lkoz\u00f3kon bar\u00e1ts\u00e1gok sz\u00fclettek, ma m\u00e1r elmondhat\u00f3, hogy h\u00e1zass\u00e1gok is. Az ismerets\u00e9gek m\u00e1s imacsoportok fel\u00e9 ugyancsak kiterjedtek. Az els\u0151dleges c\u00e9l az volt a fesztiv\u00e1lokon, hogy anim\u00e1lja a Szabadkai Egyh\u00e1zmegye ifj\u00fas\u00e1gi pasztor\u00e1ci\u00f3j\u00e1n bel\u00fcli zenei \u00e9letet. <\/span><\/p>\n<p style=\"line-height: 150%; text-indent: 1.25cm; margin-bottom: 0cm;\" align=\"justify\"><span lang=\"hu-HU\">A Szentl\u00e9lek sugallat\u00e1ra, 2015-ben alakult az imacsoport. Hab\u00e1r a neve nem utal r\u00e1, de karizmatikus jelleg\u0171 csoportr\u00f3l van sz\u00f3, a Szentl\u00e9lekben val\u00f3 meg\u00fajul\u00e1s r\u00e9v\u00e9n. Az imacsoport a p\u00fcsp\u00f6k, illetve ft. <\/span><span lang=\"en-US\">Andrija Ani\u0161i\u0107 <\/span><span lang=\"hu-HU\">pl\u00e9b\u00e1nos \u00e1ld\u00e1s\u00e1val m\u0171k\u00f6dik.<\/span><\/p>\n<p style=\"line-height: 150%; margin-bottom: 0cm;\" align=\"justify\"><span lang=\"hu-HU\">Az imacsoport tagjai minden p\u00e9nteken \u00f6sszej\u00f6vetelt tartanak, illetve lelki meg\u00fajul\u00e1st szerveznek t\u00f6bb alkalommal is az \u00e9v folyam\u00e1n.<\/span><\/p><p style=\"line-height: 150%; margin-bottom: 0cm;\" align=\"justify\"><span lang=\"hu-HU\"><br><\/span><\/p><p style=\"line-height: 150%; margin-bottom: 0cm;\" align=\"justify\"><span lang=\"hu-HU\">Sz. Sz., Sajt\u00f3iroda<br><\/span><\/p>\n<p><\/p>\t\t\t\t\t\t\t\t<\/div>\n\t\t\t\t<\/div>\n\t\t\t\t\t<\/div>\n\t\t<\/div>\n\t\t\t\t\t<\/div>\n\t\t<\/section>\n\t\t\t\t<section class=\"elementor-section elementor-top-section elementor-element elementor-element-ef22dbf elementor-section-boxed elementor-section-height-default elementor-section-height-default\" data-id=\"ef22dbf\" data-element_type=\"section\" data-e-type=\"section\">\n\t\t\t\t\t\t<div class=\"elementor-container elementor-column-gap-default\">\n\t\t\t\t\t<div class=\"elementor-column elementor-col-100 elementor-top-column elementor-element elementor-element-cc2abc8\" data-id=\"cc2abc8\" data-element_type=\"column\" data-e-type=\"column\">\n\t\t\t<div class=\"elementor-widget-wrap elementor-element-populated\">\n\t\t\t\t\t\t<div class=\"elementor-element elementor-element-facf382 elementor-widget elementor-widget-gallery\" data-id=\"facf382\" data-element_type=\"widget\" data-e-type=\"widget\" data-settings=\"{&quot;columns&quot;:3,&quot;lazyload&quot;:&quot;yes&quot;,&quot;gallery_layout&quot;:&quot;grid&quot;,&quot;columns_tablet&quot;:2,&quot;columns_mobile&quot;:1,&quot;gap&quot;:{&quot;unit&quot;:&quot;px&quot;,&quot;size&quot;:10,&quot;sizes&quot;:[]},&quot;gap_tablet&quot;:{&quot;unit&quot;:&quot;px&quot;,&quot;size&quot;:10,&quot;sizes&quot;:[]},&quot;gap_mobile&quot;:{&quot;unit&quot;:&quot;px&quot;,&quot;size&quot;:10,&quot;sizes&quot;:[]},&quot;link_to&quot;:&quot;file&quot;,&quot;aspect_ratio&quot;:&quot;3:2&quot;,&quot;overlay_background&quot;:&quot;yes&quot;,&quot;content_hover_animation&quot;:&quot;fade-in&quot;}\" data-widget_type=\"gallery.default\">\n\t\t\t\t<div class=\"elementor-widget-container\">\n\t\t\t\t\t\t\t<div class=\"elementor-gallery__container\">\n\t\t\t\t\t\t\t<a class=\"e-gallery-item elementor-gallery-item elementor-animated-content\" href=\"https:\/\/catholic-su.rs\/wp-content\/uploads\/2024\/05\/Jerihonsko-bdjenje.jpg\" data-elementor-open-lightbox=\"yes\" data-elementor-lightbox-slideshow=\"facf382\" data-elementor-lightbox-title=\"Jerihonsko bdjenje\" data-e-action-hash=\"#elementor-action%3Aaction%3Dlightbox%26settings%3DeyJpZCI6Mzg5OTUsInVybCI6Imh0dHBzOlwvXC9jYXRob2xpYy1zdS5yc1wvd3AtY29udGVudFwvdXBsb2Fkc1wvMjAyNFwvMDVcL0plcmlob25za28tYmRqZW5qZS5qcGciLCJzbGlkZXNob3ciOiJmYWNmMzgyIn0%3D\">\n\t\t\t\t\t<div class=\"e-gallery-image elementor-gallery-item__image\" data-thumbnail=\"https:\/\/catholic-su.rs\/wp-content\/uploads\/2024\/05\/Jerihonsko-bdjenje-300x300.jpg\" data-width=\"300\" data-height=\"300\" aria-label=\"\" role=\"img\" ><\/div>\n\t\t\t\t\t\t\t\t\t\t\t<div class=\"elementor-gallery-item__overlay\"><\/div>\n\t\t\t\t\t\t\t\t\t\t\t\t\t\t<\/a>\n\t\t\t\t\t\t\t<a class=\"e-gallery-item elementor-gallery-item elementor-animated-content\" href=\"https:\/\/catholic-su.rs\/wp-content\/uploads\/2024\/05\/Jerihonsko-bdjenje-3.jpg\" data-elementor-open-lightbox=\"yes\" data-elementor-lightbox-slideshow=\"facf382\" data-elementor-lightbox-title=\"Jerihonsko bdjenje 3\" data-e-action-hash=\"#elementor-action%3Aaction%3Dlightbox%26settings%3DeyJpZCI6Mzg5OTMsInVybCI6Imh0dHBzOlwvXC9jYXRob2xpYy1zdS5yc1wvd3AtY29udGVudFwvdXBsb2Fkc1wvMjAyNFwvMDVcL0plcmlob25za28tYmRqZW5qZS0zLmpwZyIsInNsaWRlc2hvdyI6ImZhY2YzODIifQ%3D%3D\">\n\t\t\t\t\t<div class=\"e-gallery-image elementor-gallery-item__image\" data-thumbnail=\"https:\/\/catholic-su.rs\/wp-content\/uploads\/2024\/05\/Jerihonsko-bdjenje-3-300x300.jpg\" data-width=\"300\" data-height=\"300\" aria-label=\"\" role=\"img\" ><\/div>\n\t\t\t\t\t\t\t\t\t\t\t<div class=\"elementor-gallery-item__overlay\"><\/div>\n\t\t\t\t\t\t\t\t\t\t\t\t\t\t<\/a>\n\t\t\t\t\t\t\t<a class=\"e-gallery-item elementor-gallery-item elementor-animated-content\" href=\"https:\/\/catholic-su.rs\/wp-content\/uploads\/2024\/05\/Jerihonsko-bdjenje-1.jpg\" data-elementor-open-lightbox=\"yes\" data-elementor-lightbox-slideshow=\"facf382\" data-elementor-lightbox-title=\"Jerihonsko bdjenje 1\" data-e-action-hash=\"#elementor-action%3Aaction%3Dlightbox%26settings%3DeyJpZCI6Mzg5ODksInVybCI6Imh0dHBzOlwvXC9jYXRob2xpYy1zdS5yc1wvd3AtY29udGVudFwvdXBsb2Fkc1wvMjAyNFwvMDVcL0plcmlob25za28tYmRqZW5qZS0xLmpwZyIsInNsaWRlc2hvdyI6ImZhY2YzODIifQ%3D%3D\">\n\t\t\t\t\t<div class=\"e-gallery-image elementor-gallery-item__image\" data-thumbnail=\"https:\/\/catholic-su.rs\/wp-content\/uploads\/2024\/05\/Jerihonsko-bdjenje-1-225x300.jpg\" data-width=\"225\" data-height=\"300\" aria-label=\"\" role=\"img\" ><\/div>\n\t\t\t\t\t\t\t\t\t\t\t<div class=\"elementor-gallery-item__overlay\"><\/div>\n\t\t\t\t\t\t\t\t\t\t\t\t\t\t<\/a>\n\t\t\t\t\t<\/div>\n\t\t\t\t\t<\/div>\n\t\t\t\t<\/div>\n\t\t\t\t\t<\/div>\n\t\t<\/div>\n\t\t\t\t\t<\/div>\n\t\t<\/section>\n\t\t\t\t<\/div>\n\t\t","protected":false},"excerpt":{"rendered":"<p>A Proroci (Pr\u00f3f\u00e9t\u00e1k) imacsoport imm\u00e1ron \u00f6t \u00e9ve szervezi meg Szabadk\u00e1n a Jerik\u00f3i virraszt\u00e1st a ferences rendh\u00e1z Fekete Boldogasszony k\u00e1poln\u00e1j\u00e1ban.<\/p>\n","protected":false},"author":7,"featured_media":38991,"comment_status":"closed","ping_status":"closed","sticky":false,"template":"","format":"standard","meta":{"site-sidebar-layout":"default","site-content-layout":"","ast-site-content-layout":"default","site-content-style":"default","site-sidebar-style":"default","ast-global-header-display":"","ast-banner-title-visibility":"","ast-main-header-display":"","ast-hfb-above-header-display":"","ast-hfb-below-header-display":"","ast-hfb-mobile-header-display":"","site-post-title":"","ast-breadcrumbs-content":"","ast-featured-img":"disabled","footer-sml-layout":"","ast-disable-related-posts":"","theme-transparent-header-meta":"","adv-header-id-meta":"","stick-header-meta":"","header-above-stick-meta":"","header-main-stick-meta":"","header-below-stick-meta":"","astra-migrate-meta-layouts":"set","ast-page-background-enabled":"default","ast-page-background-meta":{"desktop":{"background-color":"","background-image":"","background-repeat":"repeat","background-position":"center center","background-size":"auto","background-attachment":"scroll","background-type":"","background-media":"","overlay-type":"","overlay-color":"","overlay-opacity":"","overlay-gradient":""},"tablet":{"background-color":"","background-image":"","background-repeat":"repeat","background-position":"center center","background-size":"auto","background-attachment":"scroll","background-type":"","background-media":"","overlay-type":"","overlay-color":"","overlay-opacity":"","overlay-gradient":""},"mobile":{"background-color":"","background-image":"","background-repeat":"repeat","background-position":"center center","background-size":"auto","background-attachment":"scroll","background-type":"","background-media":"","overlay-type":"","overlay-color":"","overlay-opacity":"","overlay-gradient":""}},"ast-content-background-meta":{"desktop":{"background-color":"var(--ast-global-color-5)","background-image":"","background-repeat":"repeat","background-position":"center center","background-size":"auto","background-attachment":"scroll","background-type":"","background-media":"","overlay-type":"","overlay-color":"","overlay-opacity":"","overlay-gradient":""},"tablet":{"background-color":"var(--ast-global-color-5)","background-image":"","background-repeat":"repeat","background-position":"center center","background-size":"auto","background-attachment":"scroll","background-type":"","background-media":"","overlay-type":"","overlay-color":"","overlay-opacity":"","overlay-gradient":""},"mobile":{"background-color":"var(--ast-global-color-5)","background-image":"","background-repeat":"repeat","background-position":"center center","background-size":"auto","background-attachment":"scroll","background-type":"","background-media":"","overlay-type":"","overlay-color":"","overlay-opacity":"","overlay-gradient":""}},"footnotes":""},"categories":[141],"tags":[],"class_list":["post-39048","post","type-post","status-publish","format-standard","has-post-thumbnail","hentry","category-hirek"],"_links":{"self":[{"href":"https:\/\/catholic-su.rs\/hu\/wp-json\/wp\/v2\/posts\/39048","targetHints":{"allow":["GET"]}}],"collection":[{"href":"https:\/\/catholic-su.rs\/hu\/wp-json\/wp\/v2\/posts"}],"about":[{"href":"https:\/\/catholic-su.rs\/hu\/wp-json\/wp\/v2\/types\/post"}],"author":[{"embeddable":true,"href":"https:\/\/catholic-su.rs\/hu\/wp-json\/wp\/v2\/users\/7"}],"replies":[{"embeddable":true,"href":"https:\/\/catholic-su.rs\/hu\/wp-json\/wp\/v2\/comments?post=39048"}],"version-history":[{"count":5,"href":"https:\/\/catholic-su.rs\/hu\/wp-json\/wp\/v2\/posts\/39048\/revisions"}],"predecessor-version":[{"id":39058,"href":"https:\/\/catholic-su.rs\/hu\/wp-json\/wp\/v2\/posts\/39048\/revisions\/39058"}],"wp:featuredmedia":[{"embeddable":true,"href":"https:\/\/catholic-su.rs\/hu\/wp-json\/wp\/v2\/media\/38991"}],"wp:attachment":[{"href":"https:\/\/catholic-su.rs\/hu\/wp-json\/wp\/v2\/media?parent=39048"}],"wp:term":[{"taxonomy":"category","embeddable":true,"href":"https:\/\/catholic-su.rs\/hu\/wp-json\/wp\/v2\/categories?post=39048"},{"taxonomy":"post_tag","embeddable":true,"href":"https:\/\/catholic-su.rs\/hu\/wp-json\/wp\/v2\/tags?post=39048"}],"curies":[{"name":"wp","href":"https:\/\/api.w.org\/{rel}","templated":true}]}}