{"id":36599,"date":"2024-01-30T13:47:38","date_gmt":"2024-01-30T12:47:38","guid":{"rendered":"https:\/\/catholic-su.rs\/?p=36599"},"modified":"2024-02-01T16:46:53","modified_gmt":"2024-02-01T15:46:53","slug":"puspoki-szentmise-az-okumenikus-imahet-zaronapjan","status":"publish","type":"post","link":"https:\/\/catholic-su.rs\/hu\/puspoki-szentmise-az-okumenikus-imahet-zaronapjan\/","title":{"rendered":"P\u00fcsp\u00f6ki szentmise az \u00f6kumenikus imah\u00e9t z\u00e1r\u00f3napj\u00e1n"},"content":{"rendered":"\t\t<div data-elementor-type=\"wp-post\" data-elementor-id=\"36599\" class=\"elementor elementor-36599\" data-elementor-post-type=\"post\">\n\t\t\t\t\t\t<section class=\"elementor-section elementor-top-section elementor-element elementor-element-73dc4dd elementor-section-boxed elementor-section-height-default elementor-section-height-default\" data-id=\"73dc4dd\" data-element_type=\"section\" data-e-type=\"section\">\n\t\t\t\t\t\t<div class=\"elementor-container elementor-column-gap-default\">\n\t\t\t\t\t<div class=\"elementor-column elementor-col-100 elementor-top-column elementor-element elementor-element-1ce3ea5a\" data-id=\"1ce3ea5a\" data-element_type=\"column\" data-e-type=\"column\">\n\t\t\t<div class=\"elementor-widget-wrap elementor-element-populated\">\n\t\t\t\t\t\t<div class=\"elementor-element elementor-element-45a53537 elementor-widget elementor-widget-text-editor\" data-id=\"45a53537\" data-element_type=\"widget\" data-e-type=\"widget\" data-widget_type=\"text-editor.default\">\n\t\t\t\t<div class=\"elementor-widget-container\">\n\t\t\t\t\t\t\t\t\t<p data-pm-slice=\"1 1 []\"><strong>Fazekas Ferenc megy\u00e9sp\u00fcsp\u00f6k \u00far szentmis\u00e9t mutatott be a kereszt\u00e9nyek egys\u00e9g\u00e9\u00e9rt \u00e9s a vil\u00e1gb\u00e9k\u00e9\u00e9rt az \u00f6kumenikus imah\u00e9t z\u00e1r\u00f3napj\u00e1n a magyarkanizsai Szent \u0150rangyalok pl\u00e9b\u00e1niatemplomban.<\/strong><\/p>\t\t\t\t\t\t\t\t<\/div>\n\t\t\t\t<\/div>\n\t\t\t\t<div class=\"elementor-element elementor-element-717ffb5f elementor-widget elementor-widget-text-editor\" data-id=\"717ffb5f\" data-element_type=\"widget\" data-e-type=\"widget\" data-widget_type=\"text-editor.default\">\n\t\t\t\t<div class=\"elementor-widget-container\">\n\t\t\t\t\t\t\t\t\t<p>Palatinus Istv\u00e1n pl\u00e9b\u00e1nos \u00far a szentmise elej\u00e9n bevezet\u0151 besz\u00e9d\u00e9ben \u00fcdv\u00f6z\u00f6lte a szentmis\u00e9n nagy sz\u00e1mban megjelent h\u00edv\u0151k k\u00f6z\u00f6ss\u00e9g\u00e9t \u00e9s a politikai \u00e9let jeles k\u00e9pvisel\u0151it.<\/p><p>A szentmis\u00e9t Fazekas Ferenc megy\u00e9sp\u00fcsp\u00f6k vezette az egyh\u00e1zmegye jelen l\u00e9v\u0151 papjaival egy\u00fctt. Jelen voltak a testv\u00e9ri kereszt\u00e9ny felekezetek el\u00f6lj\u00e1r\u00f3i: Nt. Harangoz\u00f3 L\u00e1szl\u00f3, a szerbiai Reform\u00e1tus Kereszty\u00e9n Egyh\u00e1z p\u00fcsp\u00f6ke, Nt. Dolinszky G\u00e1bor, a szerbiai \u00c1gostai Hitvall\u00e1s\u00fa Evang\u00e9likus Egyh\u00e1z p\u00fcsp\u00f6khelyettese, valamint a Szerb Pravoszl\u00e1v Egyh\u00e1z k\u00e9pvisel\u0151je.<\/p><p>A h\u00e1rom p\u00fcsp\u00f6k az irgalmas szamarit\u00e1nusr\u00f3l sz\u00f3l\u00f3 evang\u00e9liumi r\u00e9szlet (Lk 10,25-37) felolvas\u00e1sa ut\u00e1n r\u00f6vid elm\u00e9lked\u00e9st \u00e9s im\u00e1t mondott.<\/p><p>Fazekas Ferenc megy\u00e9sp\u00fcsp\u00f6k \u00far besz\u00e9d\u00e9ben t\u00f6bbek k\u00f6z\u00f6tt kiemelte, hogy az ez \u00e9vi \u00f6kumenikus imah\u00e9t anyag\u00e1t az afrikai Burkina Faso-i \u00f6kumenikus tan\u00e1cs k\u00e9sz\u00edtette, a v\u00e9gs\u0151 sz\u00f6veget pedig az Egyh\u00e1zak Vil\u00e1gtan\u00e1csa \u00e9s a Vatik\u00e1n Kereszt\u00e9ny Egys\u00e9get El\u0151mozd\u00edt\u00f3 P\u00e1pai Tan\u00e1csa \u00e1ltal l\u00e9trehozott nemzetk\u00f6zi bizotts\u00e1g tagjai hozt\u00e1k l\u00e9tre.<\/p><p>Elmondta, hogy az \u00f6kumenikus imah\u00e9t idei bibliai mott\u00f3ja: \u201eSzeresd az Urat, a te Istenedet, \u00e9s felebar\u00e1todat, mint magadat.\u201d (Lk 10,27)<\/p><p>\u201eEgyr\u00e9szt ez rem\u00e9nnyel t\u00f6lt el benn\u00fcnket, hogy tudunk egy\u00fctt lenni m\u00e1s kereszt\u00e9ny egyh\u00e1zakkal, \u00e9s hogy m\u00e1s alkalmakkor is tudunk egy\u00fcttm\u0171k\u00f6dni, k\u00f6z\u00f6s tal\u00e1lkoz\u00f3nk is van, k\u00f6z\u00f6sen szoktunk seg\u00edteni a r\u00e1szorul\u00f3kon.\u201d \u2013 hangs\u00falyozta a megy\u00e9sp\u00fcsp\u00f6k.<\/p><p>A szentmise a h\u00e1rom p\u00fcsp\u00f6k \u00e1ld\u00e1s\u00e1val z\u00e1rult.<\/p><p><strong>A Szabadkai Egyh\u00e1zmegye sajt\u00f3irod\u00e1\u00e1ja<\/strong><\/p>\t\t\t\t\t\t\t\t<\/div>\n\t\t\t\t<\/div>\n\t\t\t\t<div class=\"elementor-element elementor-element-1633ee65 elementor-widget elementor-widget-gallery\" data-id=\"1633ee65\" data-element_type=\"widget\" data-e-type=\"widget\" data-settings=\"{&quot;columns&quot;:3,&quot;aspect_ratio&quot;:&quot;4:3&quot;,&quot;lazyload&quot;:&quot;yes&quot;,&quot;gallery_layout&quot;:&quot;grid&quot;,&quot;columns_tablet&quot;:2,&quot;columns_mobile&quot;:1,&quot;gap&quot;:{&quot;unit&quot;:&quot;px&quot;,&quot;size&quot;:10,&quot;sizes&quot;:[]},&quot;gap_tablet&quot;:{&quot;unit&quot;:&quot;px&quot;,&quot;size&quot;:10,&quot;sizes&quot;:[]},&quot;gap_mobile&quot;:{&quot;unit&quot;:&quot;px&quot;,&quot;size&quot;:10,&quot;sizes&quot;:[]},&quot;link_to&quot;:&quot;file&quot;,&quot;overlay_background&quot;:&quot;yes&quot;,&quot;content_hover_animation&quot;:&quot;fade-in&quot;}\" data-widget_type=\"gallery.default\">\n\t\t\t\t<div class=\"elementor-widget-container\">\n\t\t\t\t\t\t\t<div class=\"elementor-gallery__container\">\n\t\t\t\t\t\t\t<a class=\"e-gallery-item elementor-gallery-item elementor-animated-content\" href=\"https:\/\/catholic-su.rs\/wp-content\/uploads\/2024\/01\/okumenikus-imahet-2.jpg\" data-elementor-open-lightbox=\"yes\" data-elementor-lightbox-slideshow=\"1633ee65\" data-elementor-lightbox-title=\"\u00f6kumenikus imah\u00e9t (2)\" data-e-action-hash=\"#elementor-action%3Aaction%3Dlightbox%26settings%3DeyJpZCI6MzY2MjUsInVybCI6Imh0dHBzOlwvXC9jYXRob2xpYy1zdS5yc1wvd3AtY29udGVudFwvdXBsb2Fkc1wvMjAyNFwvMDFcL29rdW1lbmlrdXMtaW1haGV0LTIuanBnIiwic2xpZGVzaG93IjoiMTYzM2VlNjUifQ%3D%3D\">\n\t\t\t\t\t<div class=\"e-gallery-image elementor-gallery-item__image\" data-thumbnail=\"https:\/\/catholic-su.rs\/wp-content\/uploads\/2024\/01\/okumenikus-imahet-2.jpg\" data-width=\"2048\" data-height=\"1366\" aria-label=\"\" role=\"img\" ><\/div>\n\t\t\t\t\t\t\t\t\t\t\t<div class=\"elementor-gallery-item__overlay\"><\/div>\n\t\t\t\t\t\t\t\t\t\t\t\t\t\t<\/a>\n\t\t\t\t\t\t\t<a class=\"e-gallery-item elementor-gallery-item elementor-animated-content\" href=\"https:\/\/catholic-su.rs\/wp-content\/uploads\/2024\/01\/okumenikus-imahet-1-1.jpg\" data-elementor-open-lightbox=\"yes\" data-elementor-lightbox-slideshow=\"1633ee65\" data-elementor-lightbox-title=\"\u00f6kumenikus imah\u00e9t (1)\" data-e-action-hash=\"#elementor-action%3Aaction%3Dlightbox%26settings%3DeyJpZCI6MzY2MjcsInVybCI6Imh0dHBzOlwvXC9jYXRob2xpYy1zdS5yc1wvd3AtY29udGVudFwvdXBsb2Fkc1wvMjAyNFwvMDFcL29rdW1lbmlrdXMtaW1haGV0LTEtMS5qcGciLCJzbGlkZXNob3ciOiIxNjMzZWU2NSJ9\">\n\t\t\t\t\t<div class=\"e-gallery-image elementor-gallery-item__image\" data-thumbnail=\"https:\/\/catholic-su.rs\/wp-content\/uploads\/2024\/01\/okumenikus-imahet-1-1.jpg\" data-width=\"2000\" data-height=\"1333\" aria-label=\"\" role=\"img\" ><\/div>\n\t\t\t\t\t\t\t\t\t\t\t<div class=\"elementor-gallery-item__overlay\"><\/div>\n\t\t\t\t\t\t\t\t\t\t\t\t\t\t<\/a>\n\t\t\t\t\t\t\t<a class=\"e-gallery-item elementor-gallery-item elementor-animated-content\" href=\"https:\/\/catholic-su.rs\/wp-content\/uploads\/2024\/01\/okumenikus-imahet-3.jpg\" data-elementor-open-lightbox=\"yes\" data-elementor-lightbox-slideshow=\"1633ee65\" data-elementor-lightbox-title=\"\u00f6kumenikus imah\u00e9t (3)\" data-e-action-hash=\"#elementor-action%3Aaction%3Dlightbox%26settings%3DeyJpZCI6MzY2MjksInVybCI6Imh0dHBzOlwvXC9jYXRob2xpYy1zdS5yc1wvd3AtY29udGVudFwvdXBsb2Fkc1wvMjAyNFwvMDFcL29rdW1lbmlrdXMtaW1haGV0LTMuanBnIiwic2xpZGVzaG93IjoiMTYzM2VlNjUifQ%3D%3D\">\n\t\t\t\t\t<div class=\"e-gallery-image elementor-gallery-item__image\" data-thumbnail=\"https:\/\/catholic-su.rs\/wp-content\/uploads\/2024\/01\/okumenikus-imahet-3.jpg\" data-width=\"2048\" data-height=\"1366\" aria-label=\"\" role=\"img\" ><\/div>\n\t\t\t\t\t\t\t\t\t\t\t<div class=\"elementor-gallery-item__overlay\"><\/div>\n\t\t\t\t\t\t\t\t\t\t\t\t\t\t<\/a>\n\t\t\t\t\t<\/div>\n\t\t\t\t\t<\/div>\n\t\t\t\t<\/div>\n\t\t\t\t<div class=\"elementor-element elementor-element-f404759 elementor-widget elementor-widget-heading\" data-id=\"f404759\" data-element_type=\"widget\" data-e-type=\"widget\" data-widget_type=\"heading.default\">\n\t\t\t\t<div class=\"elementor-widget-container\">\n\t\t\t\t\t<p class=\"elementor-heading-title elementor-size-default\">Fot\u00f3: Kecsk\u00e9s Endre<\/p>\t\t\t\t<\/div>\n\t\t\t\t<\/div>\n\t\t\t\t\t<\/div>\n\t\t<\/div>\n\t\t\t\t\t<\/div>\n\t\t<\/section>\n\t\t\t\t<\/div>\n\t\t","protected":false},"excerpt":{"rendered":"<p>Fazekas Ferenc megy\u00e9sp\u00fcsp\u00f6k \u00far szentmis\u00e9t mutatott be a kereszt\u00e9nyek egys\u00e9g\u00e9\u00e9rt \u00e9s a vil\u00e1gb\u00e9k\u00e9\u00e9rt az \u00f6kumenikus imah\u00e9t z\u00e1r\u00f3napj\u00e1n a magyarkanizsai Szent \u0150rangyalok pl\u00e9b\u00e1niatemplomban.<\/p>\n","protected":false},"author":1,"featured_media":36600,"comment_status":"closed","ping_status":"closed","sticky":false,"template":"","format":"standard","meta":{"site-sidebar-layout":"default","site-content-layout":"","ast-site-content-layout":"default","site-content-style":"default","site-sidebar-style":"default","ast-global-header-display":"","ast-banner-title-visibility":"","ast-main-header-display":"","ast-hfb-above-header-display":"","ast-hfb-below-header-display":"","ast-hfb-mobile-header-display":"","site-post-title":"","ast-breadcrumbs-content":"","ast-featured-img":"","footer-sml-layout":"","ast-disable-related-posts":"","theme-transparent-header-meta":"","adv-header-id-meta":"","stick-header-meta":"","header-above-stick-meta":"","header-main-stick-meta":"","header-below-stick-meta":"","astra-migrate-meta-layouts":"set","ast-page-background-enabled":"default","ast-page-background-meta":{"desktop":{"background-color":"","background-image":"","background-repeat":"repeat","background-position":"center center","background-size":"auto","background-attachment":"scroll","background-type":"","background-media":"","overlay-type":"","overlay-color":"","overlay-opacity":"","overlay-gradient":""},"tablet":{"background-color":"","background-image":"","background-repeat":"repeat","background-position":"center center","background-size":"auto","background-attachment":"scroll","background-type":"","background-media":"","overlay-type":"","overlay-color":"","overlay-opacity":"","overlay-gradient":""},"mobile":{"background-color":"","background-image":"","background-repeat":"repeat","background-position":"center center","background-size":"auto","background-attachment":"scroll","background-type":"","background-media":"","overlay-type":"","overlay-color":"","overlay-opacity":"","overlay-gradient":""}},"ast-content-background-meta":{"desktop":{"background-color":"var(--ast-global-color-5)","background-image":"","background-repeat":"repeat","background-position":"center center","background-size":"auto","background-attachment":"scroll","background-type":"","background-media":"","overlay-type":"","overlay-color":"","overlay-opacity":"","overlay-gradient":""},"tablet":{"background-color":"var(--ast-global-color-5)","background-image":"","background-repeat":"repeat","background-position":"center center","background-size":"auto","background-attachment":"scroll","background-type":"","background-media":"","overlay-type":"","overlay-color":"","overlay-opacity":"","overlay-gradient":""},"mobile":{"background-color":"var(--ast-global-color-5)","background-image":"","background-repeat":"repeat","background-position":"center center","background-size":"auto","background-attachment":"scroll","background-type":"","background-media":"","overlay-type":"","overlay-color":"","overlay-opacity":"","overlay-gradient":""}},"footnotes":""},"categories":[141],"tags":[],"class_list":["post-36599","post","type-post","status-publish","format-standard","has-post-thumbnail","hentry","category-hirek"],"_links":{"self":[{"href":"https:\/\/catholic-su.rs\/hu\/wp-json\/wp\/v2\/posts\/36599","targetHints":{"allow":["GET"]}}],"collection":[{"href":"https:\/\/catholic-su.rs\/hu\/wp-json\/wp\/v2\/posts"}],"about":[{"href":"https:\/\/catholic-su.rs\/hu\/wp-json\/wp\/v2\/types\/post"}],"author":[{"embeddable":true,"href":"https:\/\/catholic-su.rs\/hu\/wp-json\/wp\/v2\/users\/1"}],"replies":[{"embeddable":true,"href":"https:\/\/catholic-su.rs\/hu\/wp-json\/wp\/v2\/comments?post=36599"}],"version-history":[{"count":5,"href":"https:\/\/catholic-su.rs\/hu\/wp-json\/wp\/v2\/posts\/36599\/revisions"}],"predecessor-version":[{"id":36720,"href":"https:\/\/catholic-su.rs\/hu\/wp-json\/wp\/v2\/posts\/36599\/revisions\/36720"}],"wp:featuredmedia":[{"embeddable":true,"href":"https:\/\/catholic-su.rs\/hu\/wp-json\/wp\/v2\/media\/36600"}],"wp:attachment":[{"href":"https:\/\/catholic-su.rs\/hu\/wp-json\/wp\/v2\/media?parent=36599"}],"wp:term":[{"taxonomy":"category","embeddable":true,"href":"https:\/\/catholic-su.rs\/hu\/wp-json\/wp\/v2\/categories?post=36599"},{"taxonomy":"post_tag","embeddable":true,"href":"https:\/\/catholic-su.rs\/hu\/wp-json\/wp\/v2\/tags?post=36599"}],"curies":[{"name":"wp","href":"https:\/\/api.w.org\/{rel}","templated":true}]}}