{"id":22189,"date":"2022-10-21T15:54:31","date_gmt":"2022-10-21T13:54:31","guid":{"rendered":"https:\/\/catholic-su.rs\/matija-zvekanovic\/"},"modified":"2022-12-01T14:27:35","modified_gmt":"2022-12-01T12:27:35","slug":"matija-zvekanovic","status":"publish","type":"post","link":"https:\/\/catholic-su.rs\/hu\/matija-zvekanovic\/","title":{"rendered":"Matija Zvekanovi\u0107"},"content":{"rendered":"\t\t<div data-elementor-type=\"wp-post\" data-elementor-id=\"22189\" class=\"elementor elementor-22189 elementor-21808\" data-elementor-post-type=\"post\">\n\t\t\t\t\t\t<section class=\"elementor-section elementor-top-section elementor-element elementor-element-c70a02a elementor-section-height-min-height elementor-section-content-middle elementor-section-boxed elementor-section-height-default elementor-section-items-middle\" data-id=\"c70a02a\" data-element_type=\"section\" data-e-type=\"section\" data-settings=\"{&quot;background_background&quot;:&quot;classic&quot;}\">\n\t\t\t\t\t\t<div class=\"elementor-container elementor-column-gap-default\">\n\t\t\t\t\t<div class=\"elementor-column elementor-col-50 elementor-top-column elementor-element elementor-element-1a9deda\" data-id=\"1a9deda\" data-element_type=\"column\" data-e-type=\"column\">\n\t\t\t<div class=\"elementor-widget-wrap elementor-element-populated\">\n\t\t\t\t\t\t<div class=\"elementor-element elementor-element-6cb9956 elementor-widget elementor-widget-image\" data-id=\"6cb9956\" data-element_type=\"widget\" data-e-type=\"widget\" data-widget_type=\"image.default\">\n\t\t\t\t<div class=\"elementor-widget-container\">\n\t\t\t\t\t\t\t\t\t\t\t\t\t\t\t\t<a href=\"https:\/\/catholic-su.rs\/hu\/\">\n\t\t\t\t\t\t\t<img decoding=\"async\" width=\"224\" height=\"101\" src=\"https:\/\/catholic-su.rs\/wp-content\/uploads\/2022\/10\/logoi-hu-1-1.png\" class=\"attachment-full size-full wp-image-22169\" alt=\"\" \/>\t\t\t\t\t\t\t\t<\/a>\n\t\t\t\t\t\t\t\t\t\t\t\t\t\t\t<\/div>\n\t\t\t\t<\/div>\n\t\t\t\t\t<\/div>\n\t\t<\/div>\n\t\t\t\t<div class=\"elementor-column elementor-col-50 elementor-top-column elementor-element elementor-element-160834c\" data-id=\"160834c\" data-element_type=\"column\" data-e-type=\"column\">\n\t\t\t<div class=\"elementor-widget-wrap\">\n\t\t\t\t\t\t\t<\/div>\n\t\t<\/div>\n\t\t\t\t\t<\/div>\n\t\t<\/section>\n\t\t\t\t<section class=\"elementor-section elementor-top-section elementor-element elementor-element-3d6c52d4 elementor-section-boxed elementor-section-height-default elementor-section-height-default\" data-id=\"3d6c52d4\" data-element_type=\"section\" data-e-type=\"section\">\n\t\t\t\t\t\t<div class=\"elementor-container elementor-column-gap-default\">\n\t\t\t\t\t<div class=\"elementor-column elementor-col-100 elementor-top-column elementor-element elementor-element-22bf911a\" data-id=\"22bf911a\" data-element_type=\"column\" data-e-type=\"column\" data-settings=\"{&quot;background_background&quot;:&quot;classic&quot;}\">\n\t\t\t<div class=\"elementor-widget-wrap elementor-element-populated\">\n\t\t\t\t\t\t<div class=\"elementor-element elementor-element-44c163ef elementor-widget elementor-widget-heading\" data-id=\"44c163ef\" data-element_type=\"widget\" data-e-type=\"widget\" data-widget_type=\"heading.default\">\n\t\t\t\t<div class=\"elementor-widget-container\">\n\t\t\t\t\t<h2 class=\"elementor-heading-title elementor-size-default\">Msgr. Matija Zvekanovi\u0107 \u200b\u200b<\/h2>\t\t\t\t<\/div>\n\t\t\t\t<\/div>\n\t\t\t\t\t<\/div>\n\t\t<\/div>\n\t\t\t\t\t<\/div>\n\t\t<\/section>\n\t\t\t\t<section class=\"elementor-section elementor-top-section elementor-element elementor-element-2d6c25b elementor-section-boxed elementor-section-height-default elementor-section-height-default\" data-id=\"2d6c25b\" data-element_type=\"section\" data-e-type=\"section\">\n\t\t\t\t\t\t<div class=\"elementor-container elementor-column-gap-default\">\n\t\t\t\t\t<div class=\"elementor-column elementor-col-50 elementor-top-column elementor-element elementor-element-b020115\" data-id=\"b020115\" data-element_type=\"column\" data-e-type=\"column\">\n\t\t\t<div class=\"elementor-widget-wrap elementor-element-populated\">\n\t\t\t\t\t\t<div class=\"elementor-element elementor-element-7e1497c elementor-widget elementor-widget-image\" data-id=\"7e1497c\" data-element_type=\"widget\" data-e-type=\"widget\" data-widget_type=\"image.default\">\n\t\t\t\t<div class=\"elementor-widget-container\">\n\t\t\t\t\t\t\t\t\t\t\t\t\t\t\t<img fetchpriority=\"high\" decoding=\"async\" width=\"600\" height=\"600\" src=\"https:\/\/catholic-su.rs\/wp-content\/uploads\/2022\/10\/zvekanovic.jpg\" class=\"attachment-full size-full wp-image-21740\" alt=\"\" srcset=\"https:\/\/catholic-su.rs\/wp-content\/uploads\/2022\/10\/zvekanovic.jpg 600w, https:\/\/catholic-su.rs\/wp-content\/uploads\/2022\/10\/zvekanovic-300x300.jpg 300w, https:\/\/catholic-su.rs\/wp-content\/uploads\/2022\/10\/zvekanovic-150x150.jpg 150w\" sizes=\"(max-width: 600px) 100vw, 600px\" \/>\t\t\t\t\t\t\t\t\t\t\t\t\t\t\t<\/div>\n\t\t\t\t<\/div>\n\t\t\t\t\t<\/div>\n\t\t<\/div>\n\t\t\t\t<div class=\"elementor-column elementor-col-50 elementor-top-column elementor-element elementor-element-8360a89 elementor-hidden-desktop elementor-hidden-tablet elementor-hidden-mobile\" data-id=\"8360a89\" data-element_type=\"column\" data-e-type=\"column\">\n\t\t\t<div class=\"elementor-widget-wrap elementor-element-populated\">\n\t\t\t\t\t\t<div class=\"elementor-element elementor-element-18fdc1c elementor-widget elementor-widget-image\" data-id=\"18fdc1c\" data-element_type=\"widget\" data-e-type=\"widget\" data-widget_type=\"image.default\">\n\t\t\t\t<div class=\"elementor-widget-container\">\n\t\t\t\t\t\t\t\t\t\t\t\t\t\t\t<img decoding=\"async\" width=\"160\" height=\"200\" src=\"https:\/\/catholic-su.rs\/wp-content\/uploads\/2022\/10\/grbbiskupt-1-1.png\" class=\"attachment-full size-full wp-image-21753\" alt=\"\" \/>\t\t\t\t\t\t\t\t\t\t\t\t\t\t\t<\/div>\n\t\t\t\t<\/div>\n\t\t\t\t\t<\/div>\n\t\t<\/div>\n\t\t\t\t\t<\/div>\n\t\t<\/section>\n\t\t\t\t<section class=\"elementor-section elementor-top-section elementor-element elementor-element-05f90e0 elementor-section-boxed elementor-section-height-default elementor-section-height-default\" data-id=\"05f90e0\" data-element_type=\"section\" data-e-type=\"section\">\n\t\t\t\t\t\t<div class=\"elementor-container elementor-column-gap-default\">\n\t\t\t\t\t<div class=\"elementor-column elementor-col-100 elementor-top-column elementor-element elementor-element-b40c597\" data-id=\"b40c597\" data-element_type=\"column\" data-e-type=\"column\">\n\t\t\t<div class=\"elementor-widget-wrap elementor-element-populated\">\n\t\t\t\t\t\t<div class=\"elementor-element elementor-element-7bf5bb9 elementor-widget-divider--view-line elementor-widget elementor-widget-divider\" data-id=\"7bf5bb9\" data-element_type=\"widget\" data-e-type=\"widget\" data-widget_type=\"divider.default\">\n\t\t\t\t<div class=\"elementor-widget-container\">\n\t\t\t\t\t\t\t<div class=\"elementor-divider\">\n\t\t\t<span class=\"elementor-divider-separator\">\n\t\t\t\t\t\t<\/span>\n\t\t<\/div>\n\t\t\t\t\t\t<\/div>\n\t\t\t\t<\/div>\n\t\t\t\t<div class=\"elementor-element elementor-element-c3cb701 elementor-widget elementor-widget-text-editor\" data-id=\"c3cb701\" data-element_type=\"widget\" data-e-type=\"widget\" data-widget_type=\"text-editor.default\">\n\t\t\t\t<div class=\"elementor-widget-container\">\n\t\t\t\t\t\t\t\t\t<p><strong>\u00d6n\u00e9letrajz<\/strong><\/p>\n\t\t\t\t\t\t\t\t<\/div>\n\t\t\t\t<\/div>\n\t\t\t\t\t<\/div>\n\t\t<\/div>\n\t\t\t\t\t<\/div>\n\t\t<\/section>\n\t\t\t\t<section class=\"elementor-section elementor-top-section elementor-element elementor-element-2d49a7d elementor-section-boxed elementor-section-height-default elementor-section-height-default\" data-id=\"2d49a7d\" data-element_type=\"section\" data-e-type=\"section\">\n\t\t\t\t\t\t<div class=\"elementor-container elementor-column-gap-default\">\n\t\t\t\t\t<div class=\"elementor-column elementor-col-50 elementor-top-column elementor-element elementor-element-2d8059f\" data-id=\"2d8059f\" data-element_type=\"column\" data-e-type=\"column\">\n\t\t\t<div class=\"elementor-widget-wrap elementor-element-populated\">\n\t\t\t\t\t\t<div class=\"elementor-element elementor-element-49a0e29 elementor-widget elementor-widget-text-editor\" data-id=\"49a0e29\" data-element_type=\"widget\" data-e-type=\"widget\" data-widget_type=\"text-editor.default\">\n\t\t\t\t<div class=\"elementor-widget-container\">\n\t\t\t\t\t\t\t\t\t<p>Zvekanovi\u0107 M\u00e1ty\u00e1s (Matija Zvekanovi\u0107) 1913. febru\u00e1r 17-\u00e9n sz\u00fcletett Szabadk\u00e1n. A kisszemin\u00e1riumot Szabadk\u00e1n \u00e9s Travnikban, a teol\u00f3giai tanulm\u00e1nyait pedig 1932. 1937. k\u00f6z\u00f6tt v\u00e9gezte, Szarajev\u00f3ban. Papp\u00e1 szentel\u00e9s\u00e9re 1937. j\u00fanius 29-\u00e9n ker\u00fclt sor Szabadk\u00e1n. Els\u0151 szolg\u00e1lati helye 1937-39 k\u00f6z\u00f6tt a gy\u00f6rgy\u00e9ni Munk\u00e1s Szent J\u00f3zsef pl\u00e9b\u00e1nia, ahol pl\u00e9b\u00e1niai korm\u00e1nyz\u00f3 \u00e9s egy\u00fattal az egyh\u00e1zmegye vagyonkezel\u0151je is volt. Ezut\u00e1n a szabadkai Szent S\u00e1ndor vik\u00e1ria (a mai \u201eM\u00e1ria, az Egyh\u00e1z Anyja\u201d pl\u00e9b\u00e1nia) ir\u00e1ny\u00edt\u00f3ja, majd az b\u00e1csi egyh\u00e1zvagyon kezel\u0151j\u00e9v\u00e9 nevez\u00e9t\u00e9k ki (1939 \u2013 1941). 1941-ben visszat\u00e9r Szabadk\u00e1ra, ahol ism\u00e9t a Szent S\u00e1ndor vik\u00e1ri\u00e1t ir\u00e1ny\u00edtja egy \u00e9ven kereszt\u00fcl. 1942-t\u0151l 1948-ig a monostorszegi Szent P\u00e9ter \u00e9s P\u00e1l korm\u00e1nyz\u00f3ja. A szabadkai J\u00e9zus felt\u00e1mad\u00e1sa vik\u00e1ria lelk\u00e9sze 1948-t\u00f3l, majd amikor a vik\u00e1ri\u00e1t 1956-ban pl\u00e9b\u00e1niai rangra emelt\u00e9k, \u0151 lett annak els\u0151 pl\u00e9b\u00e1nosa. 1948-t\u00f3l az egyh\u00e1zmegyei b\u00edr\u00f3s\u00e1gon is feladatokat l\u00e1t el, valamint 1954-t\u0151l a b\u00e1cskai apostoli korm\u00e1nyz\u00f3s\u00e1g \u00e1ltal\u00e1nos helyn\u00f6ke.<\/p><p>Burca c\u00edmzetes p\u00fcsp\u00f6kek\u00e9nt, 1955. november 13-\u00e1n nevezt\u00e9k ki seg\u00e9dp\u00fcsp\u00f6kk\u00e9, majd 1956. febru\u00e1r 25-\u00e9n szentelt\u00e9k p\u00fcsp\u00f6kk\u00e9 Szabadk\u00e1n. A f\u0151szentel\u0151 Josip Uj\u010di\u0107 belgr\u00e1di \u00e9rsek volt, a t\u00e1rsszentel\u0151k pedig Franjo \u0160eper, akkori z\u00e1gr\u00e1bi seg\u00e9d\u00e9rsek \u00e9s Stjepan B\u00e4uerlein diak\u00f3v\u00e1ri<\/p>\t\t\t\t\t\t\t\t<\/div>\n\t\t\t\t<\/div>\n\t\t\t\t\t<\/div>\n\t\t<\/div>\n\t\t\t\t<div class=\"elementor-column elementor-col-50 elementor-top-column elementor-element elementor-element-67f4520\" data-id=\"67f4520\" data-element_type=\"column\" data-e-type=\"column\">\n\t\t\t<div class=\"elementor-widget-wrap elementor-element-populated\">\n\t\t\t\t\t\t<div class=\"elementor-element elementor-element-da1fc3e elementor-widget elementor-widget-text-editor\" data-id=\"da1fc3e\" data-element_type=\"widget\" data-e-type=\"widget\" data-widget_type=\"text-editor.default\">\n\t\t\t\t<div class=\"elementor-widget-container\">\n\t\t\t\t\t\t\t\t\t<p>seg\u00e9dp\u00fcsp\u00f6k. Az el\u0151z\u0151 apostoli korm\u00e1nyz\u00f3, Budanovi\u0107 Lajos (Laj\u010do Budanovi\u0107) 1958. m\u00e1rcius 16-\u00e1n bek\u00f6vetkezett hal\u00e1la ut\u00e1n, \u0151 vette \u00e1t ugyanezt a tiszts\u00e9get, amelyben 1958. m\u00e1rcius 19-\u00e9n lett meger\u0151s\u00edtve. Ezzel egyidej\u0171leg az Avilai Szent Ter\u00e9z templom pl\u00e9b\u00e1nosa is lett, amit 1968. okt\u00f3ber 1-ig vezetett.<\/p><p>A b\u00e1cskai apostoli korm\u00e1nyz\u00f3s\u00e1g egyh\u00e1zmegyei szintre emel\u00e9se ut\u00e1n 1968. febru\u00e1r 8-\u00e1n a Szabadkai Egyh\u00e1zmegye els\u0151 p\u00fcsp\u00f6k\u00e9v\u00e9 nevezt\u00e9k ki. Az egyh\u00e1zmegy\u00e9t, 1989. \u00e1prilis 25-i nyugd\u00edjaz\u00e1s\u00e1ig, majd ut\u00f3dja 1989. j\u00fanius 18-i p\u00fcsp\u00f6ki felszentel\u00e9s\u00e9ig, apostoli korm\u00e1nyz\u00f3k\u00e9nt ir\u00e1ny\u00edtotta.<\/p><p>A II. Vatik\u00e1ni Zsinaton tan\u00e1csatyak\u00e9nt vett r\u00e9szt. Korm\u00e1nyz\u00e1sa idej\u00e9n \u00e9p\u00fclt fel a Paulinum fi\u00faszemin\u00e1rium \u00e9s a Josephinum papi otthon.<\/p><p>A Jugoszl\u00e1viai P\u00fcsp\u00f6ki Konferencia \u00d6kumenikus Tan\u00e1cs\u00e1nak vezet\u0151je \u00a0volt, t\u00f6bb alkalommal is, emellett tagja volt a JPK \u00e1lland\u00f3 eln\u00f6ks\u00e9g\u00e9nek is.<\/p><p>Szabadk\u00e1n hunyt el 1991. \u00e1prilis 24-\u00e9n. Temet\u00e9s\u00e9re 1991. \u00e1prilis 26-\u00e1n ker\u00fclt sor a szabadkai sz\u00e9kesegyh\u00e1zban.<\/p><p>\u00a0<\/p>\t\t\t\t\t\t\t\t<\/div>\n\t\t\t\t<\/div>\n\t\t\t\t\t<\/div>\n\t\t<\/div>\n\t\t\t\t\t<\/div>\n\t\t<\/section>\n\t\t\t\t<\/div>\n\t\t","protected":false},"excerpt":{"rendered":"<p> [&hellip;]<\/p>\n","protected":false},"author":1,"featured_media":21740,"comment_status":"closed","ping_status":"closed","sticky":false,"template":"","format":"standard","meta":{"site-sidebar-layout":"default","site-content-layout":"default","ast-site-content-layout":"default","site-content-style":"default","site-sidebar-style":"default","ast-global-header-display":"","ast-banner-title-visibility":"","ast-main-header-display":"","ast-hfb-above-header-display":"","ast-hfb-below-header-display":"","ast-hfb-mobile-header-display":"","site-post-title":"disabled","ast-breadcrumbs-content":"","ast-featured-img":"disabled","footer-sml-layout":"","ast-disable-related-posts":"","theme-transparent-header-meta":"default","adv-header-id-meta":"","stick-header-meta":"default","header-above-stick-meta":"","header-main-stick-meta":"","header-below-stick-meta":"","astra-migrate-meta-layouts":"default","ast-page-background-enabled":"default","ast-page-background-meta":{"desktop":{"background-color":"","background-image":"","background-repeat":"repeat","background-position":"center center","background-size":"auto","background-attachment":"scroll","background-type":"","background-media":"","overlay-type":"","overlay-color":"","overlay-opacity":"","overlay-gradient":""},"tablet":{"background-color":"","background-image":"","background-repeat":"repeat","background-position":"center center","background-size":"auto","background-attachment":"scroll","background-type":"","background-media":"","overlay-type":"","overlay-color":"","overlay-opacity":"","overlay-gradient":""},"mobile":{"background-color":"","background-image":"","background-repeat":"repeat","background-position":"center center","background-size":"auto","background-attachment":"scroll","background-type":"","background-media":"","overlay-type":"","overlay-color":"","overlay-opacity":"","overlay-gradient":""}},"ast-content-background-meta":{"desktop":{"background-color":"var(--ast-global-color-5)","background-image":"","background-repeat":"repeat","background-position":"center center","background-size":"auto","background-attachment":"scroll","background-type":"","background-media":"","overlay-type":"","overlay-color":"","overlay-opacity":"","overlay-gradient":""},"tablet":{"background-color":"var(--ast-global-color-5)","background-image":"","background-repeat":"repeat","background-position":"center center","background-size":"auto","background-attachment":"scroll","background-type":"","background-media":"","overlay-type":"","overlay-color":"","overlay-opacity":"","overlay-gradient":""},"mobile":{"background-color":"var(--ast-global-color-5)","background-image":"","background-repeat":"repeat","background-position":"center center","background-size":"auto","background-attachment":"scroll","background-type":"","background-media":"","overlay-type":"","overlay-color":"","overlay-opacity":"","overlay-gradient":""}},"footnotes":""},"categories":[265],"tags":[],"class_list":["post-22189","post","type-post","status-publish","format-standard","has-post-thumbnail","hentry","category-puspokok"],"_links":{"self":[{"href":"https:\/\/catholic-su.rs\/hu\/wp-json\/wp\/v2\/posts\/22189","targetHints":{"allow":["GET"]}}],"collection":[{"href":"https:\/\/catholic-su.rs\/hu\/wp-json\/wp\/v2\/posts"}],"about":[{"href":"https:\/\/catholic-su.rs\/hu\/wp-json\/wp\/v2\/types\/post"}],"author":[{"embeddable":true,"href":"https:\/\/catholic-su.rs\/hu\/wp-json\/wp\/v2\/users\/1"}],"replies":[{"embeddable":true,"href":"https:\/\/catholic-su.rs\/hu\/wp-json\/wp\/v2\/comments?post=22189"}],"version-history":[{"count":5,"href":"https:\/\/catholic-su.rs\/hu\/wp-json\/wp\/v2\/posts\/22189\/revisions"}],"predecessor-version":[{"id":25005,"href":"https:\/\/catholic-su.rs\/hu\/wp-json\/wp\/v2\/posts\/22189\/revisions\/25005"}],"wp:featuredmedia":[{"embeddable":true,"href":"https:\/\/catholic-su.rs\/hu\/wp-json\/wp\/v2\/media\/21740"}],"wp:attachment":[{"href":"https:\/\/catholic-su.rs\/hu\/wp-json\/wp\/v2\/media?parent=22189"}],"wp:term":[{"taxonomy":"category","embeddable":true,"href":"https:\/\/catholic-su.rs\/hu\/wp-json\/wp\/v2\/categories?post=22189"},{"taxonomy":"post_tag","embeddable":true,"href":"https:\/\/catholic-su.rs\/hu\/wp-json\/wp\/v2\/tags?post=22189"}],"curies":[{"name":"wp","href":"https:\/\/api.w.org\/{rel}","templated":true}]}}