{"id":10220,"date":"2022-03-02T16:57:05","date_gmt":"2022-03-02T14:57:05","guid":{"rendered":"https:\/\/catholic-su.rs\/uncategorized-hu\/cvijin-vinko\/"},"modified":"2025-05-21T20:03:39","modified_gmt":"2025-05-21T18:03:39","slug":"cvijin-vinko","status":"publish","type":"post","link":"https:\/\/catholic-su.rs\/hu\/cvijin-vinko\/","title":{"rendered":"Cvijin Vinko"},"content":{"rendered":"\t\t<div data-elementor-type=\"wp-post\" data-elementor-id=\"10220\" class=\"elementor elementor-10220 elementor-4847\" data-elementor-post-type=\"post\">\n\t\t\t\t\t\t<section class=\"elementor-section elementor-top-section elementor-element elementor-element-56a5e3d0 elementor-section-boxed elementor-section-height-default elementor-section-height-default\" data-id=\"56a5e3d0\" data-element_type=\"section\" data-e-type=\"section\">\n\t\t\t\t\t\t<div class=\"elementor-container elementor-column-gap-default\">\n\t\t\t\t\t<div class=\"elementor-column elementor-col-100 elementor-top-column elementor-element elementor-element-aa0185e\" data-id=\"aa0185e\" data-element_type=\"column\" data-e-type=\"column\" data-settings=\"{&quot;background_background&quot;:&quot;classic&quot;}\">\n\t\t\t<div class=\"elementor-widget-wrap elementor-element-populated\">\n\t\t\t\t\t\t<div class=\"elementor-element elementor-element-1ed61b23 elementor-widget elementor-widget-heading\" data-id=\"1ed61b23\" data-element_type=\"widget\" data-e-type=\"widget\" data-widget_type=\"heading.default\">\n\t\t\t\t<div class=\"elementor-widget-container\">\n\t\t\t\t\t<h2 class=\"elementor-heading-title elementor-size-default\">Cvijin Vinko <\/h2>\t\t\t\t<\/div>\n\t\t\t\t<\/div>\n\t\t\t\t\t<\/div>\n\t\t<\/div>\n\t\t\t\t\t<\/div>\n\t\t<\/section>\n\t\t\t\t<section class=\"elementor-section elementor-top-section elementor-element elementor-element-30f4141e elementor-section-boxed elementor-section-height-default elementor-section-height-default\" data-id=\"30f4141e\" data-element_type=\"section\" data-e-type=\"section\">\n\t\t\t\t\t\t<div class=\"elementor-container elementor-column-gap-default\">\n\t\t\t\t\t<div class=\"elementor-column elementor-col-50 elementor-top-column elementor-element elementor-element-7c1e3efa\" data-id=\"7c1e3efa\" data-element_type=\"column\" data-e-type=\"column\">\n\t\t\t<div class=\"elementor-widget-wrap elementor-element-populated\">\n\t\t\t\t\t\t<div class=\"elementor-element elementor-element-52438125 elementor-widget elementor-widget-image\" data-id=\"52438125\" data-element_type=\"widget\" data-e-type=\"widget\" data-widget_type=\"image.default\">\n\t\t\t\t<div class=\"elementor-widget-container\">\n\t\t\t\t\t\t\t\t\t\t\t\t\t\t\t<img fetchpriority=\"high\" decoding=\"async\" width=\"852\" height=\"1000\" src=\"https:\/\/catholic-su.rs\/wp-content\/uploads\/2021\/11\/Cvijin-Vinko.jpg\" class=\"attachment-full size-full wp-image-35440\" alt=\"\" srcset=\"https:\/\/catholic-su.rs\/wp-content\/uploads\/2021\/11\/Cvijin-Vinko.jpg 852w, https:\/\/catholic-su.rs\/wp-content\/uploads\/2021\/11\/Cvijin-Vinko-256x300.jpg 256w, https:\/\/catholic-su.rs\/wp-content\/uploads\/2021\/11\/Cvijin-Vinko-768x901.jpg 768w\" sizes=\"(max-width: 852px) 100vw, 852px\" \/>\t\t\t\t\t\t\t\t\t\t\t\t\t\t\t<\/div>\n\t\t\t\t<\/div>\n\t\t\t\t\t<\/div>\n\t\t<\/div>\n\t\t\t\t<div class=\"elementor-column elementor-col-50 elementor-top-column elementor-element elementor-element-1dce7093\" data-id=\"1dce7093\" data-element_type=\"column\" data-e-type=\"column\">\n\t\t\t<div class=\"elementor-widget-wrap elementor-element-populated\">\n\t\t\t\t\t\t<div class=\"elementor-element elementor-element-37c9d69a elementor-widget elementor-widget-text-editor\" data-id=\"37c9d69a\" data-element_type=\"widget\" data-e-type=\"widget\" data-widget_type=\"text-editor.default\">\n\t\t\t\t<div class=\"elementor-widget-container\">\n\t\t\t\t\t\t\t\t\t<p><strong>Aktu\u00e1lis szolg\u00e1lati beoszt\u00e1s<\/strong><span style=\"font-weight: bold;\">:<\/span><strong><br \/><\/strong>Pl\u00e9b\u00e1nos a <a href=\"https:\/\/catholic-su.rs\/hu\/plebaniak\/jezus-feltamadasa-szabadka\/\">szabadkai J\u00e9zus Felt\u00e1mad\u00e1sa pl\u00e9b\u00e1ni\u00e1n <\/a>\u00e9s <span lang=\"hu-HU\">a Szabadkai Egyh\u00e1zmegye Sajt\u00f3irod\u00e1j\u00e1nak horv\u00e1t nyelv\u0171 vezet\u0151je<\/span><\/p><p><strong>C\u00edm:<\/strong><br \/>Gajeva 2, 24000 Szabadka<\/p><p><strong>E-mail:<\/strong><br \/><a href=\"mailto:cvijinvinko1@gmail.com\">cvijinvinko1@gmail.com<\/a><\/p><p><strong>Sz\u00fclet\u00e9s helye \u00e9s ideje<\/strong><span style=\"font-weight: bold;\">:<\/span><br \/>B\u00e9kova, 1988.11.10.<\/p><p><strong>Szentel\u00e9s helye \u00e9s ideje<\/strong><span style=\"font-weight: bold;\">:<\/span><br \/>Avilai Szent Ter\u00e9z &#8211; Szabadka, 2013.06.29.<\/p>\t\t\t\t\t\t\t\t<\/div>\n\t\t\t\t<\/div>\n\t\t\t\t\t<\/div>\n\t\t<\/div>\n\t\t\t\t\t<\/div>\n\t\t<\/section>\n\t\t\t\t<\/div>\n\t\t","protected":false},"excerpt":{"rendered":"<p> [&hellip;]<\/p>\n","protected":false},"author":1,"featured_media":35440,"comment_status":"closed","ping_status":"closed","sticky":false,"template":"","format":"standard","meta":{"site-sidebar-layout":"default","site-content-layout":"","ast-site-content-layout":"default","site-content-style":"default","site-sidebar-style":"default","ast-global-header-display":"","ast-banner-title-visibility":"","ast-main-header-display":"","ast-hfb-above-header-display":"","ast-hfb-below-header-display":"","ast-hfb-mobile-header-display":"","site-post-title":"","ast-breadcrumbs-content":"","ast-featured-img":"","footer-sml-layout":"","ast-disable-related-posts":"","theme-transparent-header-meta":"","adv-header-id-meta":"","stick-header-meta":"","header-above-stick-meta":"","header-main-stick-meta":"","header-below-stick-meta":"","astra-migrate-meta-layouts":"default","ast-page-background-enabled":"default","ast-page-background-meta":{"desktop":{"background-color":"","background-image":"","background-repeat":"repeat","background-position":"center center","background-size":"auto","background-attachment":"scroll","background-type":"","background-media":"","overlay-type":"","overlay-color":"","overlay-opacity":"","overlay-gradient":""},"tablet":{"background-color":"","background-image":"","background-repeat":"repeat","background-position":"center center","background-size":"auto","background-attachment":"scroll","background-type":"","background-media":"","overlay-type":"","overlay-color":"","overlay-opacity":"","overlay-gradient":""},"mobile":{"background-color":"","background-image":"","background-repeat":"repeat","background-position":"center center","background-size":"auto","background-attachment":"scroll","background-type":"","background-media":"","overlay-type":"","overlay-color":"","overlay-opacity":"","overlay-gradient":""}},"ast-content-background-meta":{"desktop":{"background-color":"var(--ast-global-color-5)","background-image":"","background-repeat":"repeat","background-position":"center center","background-size":"auto","background-attachment":"scroll","background-type":"","background-media":"","overlay-type":"","overlay-color":"","overlay-opacity":"","overlay-gradient":""},"tablet":{"background-color":"var(--ast-global-color-5)","background-image":"","background-repeat":"repeat","background-position":"center center","background-size":"auto","background-attachment":"scroll","background-type":"","background-media":"","overlay-type":"","overlay-color":"","overlay-opacity":"","overlay-gradient":""},"mobile":{"background-color":"var(--ast-global-color-5)","background-image":"","background-repeat":"repeat","background-position":"center center","background-size":"auto","background-attachment":"scroll","background-type":"","background-media":"","overlay-type":"","overlay-color":"","overlay-opacity":"","overlay-gradient":""}},"footnotes":""},"categories":[144],"tags":[],"class_list":["post-10220","post","type-post","status-publish","format-standard","has-post-thumbnail","hentry","category-papok"],"_links":{"self":[{"href":"https:\/\/catholic-su.rs\/hu\/wp-json\/wp\/v2\/posts\/10220","targetHints":{"allow":["GET"]}}],"collection":[{"href":"https:\/\/catholic-su.rs\/hu\/wp-json\/wp\/v2\/posts"}],"about":[{"href":"https:\/\/catholic-su.rs\/hu\/wp-json\/wp\/v2\/types\/post"}],"author":[{"embeddable":true,"href":"https:\/\/catholic-su.rs\/hu\/wp-json\/wp\/v2\/users\/1"}],"replies":[{"embeddable":true,"href":"https:\/\/catholic-su.rs\/hu\/wp-json\/wp\/v2\/comments?post=10220"}],"version-history":[{"count":5,"href":"https:\/\/catholic-su.rs\/hu\/wp-json\/wp\/v2\/posts\/10220\/revisions"}],"predecessor-version":[{"id":44032,"href":"https:\/\/catholic-su.rs\/hu\/wp-json\/wp\/v2\/posts\/10220\/revisions\/44032"}],"wp:featuredmedia":[{"embeddable":true,"href":"https:\/\/catholic-su.rs\/hu\/wp-json\/wp\/v2\/media\/35440"}],"wp:attachment":[{"href":"https:\/\/catholic-su.rs\/hu\/wp-json\/wp\/v2\/media?parent=10220"}],"wp:term":[{"taxonomy":"category","embeddable":true,"href":"https:\/\/catholic-su.rs\/hu\/wp-json\/wp\/v2\/categories?post=10220"},{"taxonomy":"post_tag","embeddable":true,"href":"https:\/\/catholic-su.rs\/hu\/wp-json\/wp\/v2\/tags?post=10220"}],"curies":[{"name":"wp","href":"https:\/\/api.w.org\/{rel}","templated":true}]}}