{"id":5226,"date":"2021-11-12T15:21:06","date_gmt":"2021-11-12T13:21:06","guid":{"rendered":"https:\/\/catholic-su.rs\/?p=5226"},"modified":"2025-05-22T19:10:18","modified_gmt":"2025-05-22T17:10:18","slug":"stipic-nebojsa","status":"publish","type":"post","link":"https:\/\/catholic-su.rs\/hr\/stipic-nebojsa\/","title":{"rendered":"Stipi\u0107 Neboj\u0161a"},"content":{"rendered":"\t\t<div data-elementor-type=\"wp-post\" data-elementor-id=\"5226\" class=\"elementor elementor-5226\" data-elementor-post-type=\"post\">\n\t\t\t\t\t\t<section class=\"elementor-section elementor-top-section elementor-element elementor-element-42ccc9a4 elementor-section-boxed elementor-section-height-default elementor-section-height-default\" data-id=\"42ccc9a4\" data-element_type=\"section\" data-e-type=\"section\">\n\t\t\t\t\t\t<div class=\"elementor-container elementor-column-gap-default\">\n\t\t\t\t\t<div class=\"elementor-column elementor-col-100 elementor-top-column elementor-element elementor-element-51d749a8\" data-id=\"51d749a8\" data-element_type=\"column\" data-e-type=\"column\" data-settings=\"{&quot;background_background&quot;:&quot;classic&quot;}\">\n\t\t\t<div class=\"elementor-widget-wrap elementor-element-populated\">\n\t\t\t\t\t\t<div class=\"elementor-element elementor-element-6be505dc elementor-widget elementor-widget-heading\" data-id=\"6be505dc\" data-element_type=\"widget\" data-e-type=\"widget\" data-widget_type=\"heading.default\">\n\t\t\t\t<div class=\"elementor-widget-container\">\n\t\t\t\t\t<h2 class=\"elementor-heading-title elementor-size-default\">Stipi\u0107 Neboj\u0161a <\/h2>\t\t\t\t<\/div>\n\t\t\t\t<\/div>\n\t\t\t\t\t<\/div>\n\t\t<\/div>\n\t\t\t\t\t<\/div>\n\t\t<\/section>\n\t\t\t\t<section class=\"elementor-section elementor-top-section elementor-element elementor-element-61db6df5 elementor-section-boxed elementor-section-height-default elementor-section-height-default\" data-id=\"61db6df5\" data-element_type=\"section\" data-e-type=\"section\">\n\t\t\t\t\t\t<div class=\"elementor-container elementor-column-gap-default\">\n\t\t\t\t\t<div class=\"elementor-column elementor-col-50 elementor-top-column elementor-element elementor-element-4e875481\" data-id=\"4e875481\" data-element_type=\"column\" data-e-type=\"column\">\n\t\t\t<div class=\"elementor-widget-wrap elementor-element-populated\">\n\t\t\t\t\t\t<div class=\"elementor-element elementor-element-75b5c17e elementor-widget elementor-widget-image\" data-id=\"75b5c17e\" data-element_type=\"widget\" data-e-type=\"widget\" data-widget_type=\"image.default\">\n\t\t\t\t<div class=\"elementor-widget-container\">\n\t\t\t\t\t\t\t\t\t\t\t\t\t\t\t<img fetchpriority=\"high\" decoding=\"async\" width=\"852\" height=\"1000\" src=\"https:\/\/catholic-su.rs\/wp-content\/uploads\/2021\/11\/Stipic-Nebojsa-1.jpg\" class=\"attachment-full size-full wp-image-35481\" alt=\"\" srcset=\"https:\/\/catholic-su.rs\/wp-content\/uploads\/2021\/11\/Stipic-Nebojsa-1.jpg 852w, https:\/\/catholic-su.rs\/wp-content\/uploads\/2021\/11\/Stipic-Nebojsa-1-256x300.jpg 256w, https:\/\/catholic-su.rs\/wp-content\/uploads\/2021\/11\/Stipic-Nebojsa-1-768x901.jpg 768w\" sizes=\"(max-width: 852px) 100vw, 852px\" \/>\t\t\t\t\t\t\t\t\t\t\t\t\t\t\t<\/div>\n\t\t\t\t<\/div>\n\t\t\t\t\t<\/div>\n\t\t<\/div>\n\t\t\t\t<div class=\"elementor-column elementor-col-50 elementor-top-column elementor-element elementor-element-188d7a50\" data-id=\"188d7a50\" data-element_type=\"column\" data-e-type=\"column\">\n\t\t\t<div class=\"elementor-widget-wrap elementor-element-populated\">\n\t\t\t\t\t\t<div class=\"elementor-element elementor-element-69538cc1 elementor-widget elementor-widget-text-editor\" data-id=\"69538cc1\" data-element_type=\"widget\" data-e-type=\"widget\" data-widget_type=\"text-editor.default\">\n\t\t\t\t<div class=\"elementor-widget-container\">\n\t\t\t\t\t\t\t\t\t<p><strong>Aktualna slu\u017eba:<br \/><\/strong>\u017eupnik <a href=\"https:\/\/catholic-su.rs\/hr\/uzvisenje-sv-kriza-sombor\/\">\u017eupe Uzvi\u0161enja sv. Kri\u017ea<\/a> u Somboru s pripadaju\u0107om <a href=\"https:\/\/catholic-su.rs\/hr\/sv-nikola-tavelic-sombor\/\">\u017eupom Sv. Nikole Taveli\u0107a<\/a> u Somboru<\/p><p><strong>Adresa:<\/strong><br \/>Georgi Dimitrova 1, 25000 Sombor<\/p><p><strong>E-mail:<\/strong><br \/><a href=\"mailto:nebojsa.stipic89@outlook.com\">nebojsa.stipic89@outlook.com<\/a><\/p><p><strong>Mjesto i datum ro\u0111enja:<\/strong><br \/>Subotica, 30.09.1989.<\/p><p><strong>Mjesto i datum re\u0111enja:<\/strong><br \/>Sv. Terezija Avilska &#8211; Subotica, 25.01.2019.<\/p>\t\t\t\t\t\t\t\t<\/div>\n\t\t\t\t<\/div>\n\t\t\t\t\t<\/div>\n\t\t<\/div>\n\t\t\t\t\t<\/div>\n\t\t<\/section>\n\t\t\t\t<\/div>\n\t\t","protected":false},"excerpt":{"rendered":"<p> [&hellip;]<\/p>\n","protected":false},"author":1,"featured_media":35481,"comment_status":"closed","ping_status":"closed","sticky":false,"template":"","format":"standard","meta":{"site-sidebar-layout":"default","site-content-layout":"","ast-site-content-layout":"default","site-content-style":"default","site-sidebar-style":"default","ast-global-header-display":"","ast-banner-title-visibility":"","ast-main-header-display":"","ast-hfb-above-header-display":"","ast-hfb-below-header-display":"","ast-hfb-mobile-header-display":"","site-post-title":"","ast-breadcrumbs-content":"","ast-featured-img":"","footer-sml-layout":"","ast-disable-related-posts":"","theme-transparent-header-meta":"","adv-header-id-meta":"","stick-header-meta":"","header-above-stick-meta":"","header-main-stick-meta":"","header-below-stick-meta":"","astra-migrate-meta-layouts":"set","ast-page-background-enabled":"default","ast-page-background-meta":{"desktop":{"background-color":"","background-image":"","background-repeat":"repeat","background-position":"center center","background-size":"auto","background-attachment":"scroll","background-type":"","background-media":"","overlay-type":"","overlay-color":"","overlay-opacity":"","overlay-gradient":""},"tablet":{"background-color":"","background-image":"","background-repeat":"repeat","background-position":"center center","background-size":"auto","background-attachment":"scroll","background-type":"","background-media":"","overlay-type":"","overlay-color":"","overlay-opacity":"","overlay-gradient":""},"mobile":{"background-color":"","background-image":"","background-repeat":"repeat","background-position":"center center","background-size":"auto","background-attachment":"scroll","background-type":"","background-media":"","overlay-type":"","overlay-color":"","overlay-opacity":"","overlay-gradient":""}},"ast-content-background-meta":{"desktop":{"background-color":"var(--ast-global-color-5)","background-image":"","background-repeat":"repeat","background-position":"center center","background-size":"auto","background-attachment":"scroll","background-type":"","background-media":"","overlay-type":"","overlay-color":"","overlay-opacity":"","overlay-gradient":""},"tablet":{"background-color":"var(--ast-global-color-5)","background-image":"","background-repeat":"repeat","background-position":"center center","background-size":"auto","background-attachment":"scroll","background-type":"","background-media":"","overlay-type":"","overlay-color":"","overlay-opacity":"","overlay-gradient":""},"mobile":{"background-color":"var(--ast-global-color-5)","background-image":"","background-repeat":"repeat","background-position":"center center","background-size":"auto","background-attachment":"scroll","background-type":"","background-media":"","overlay-type":"","overlay-color":"","overlay-opacity":"","overlay-gradient":""}},"footnotes":""},"categories":[7],"tags":[],"class_list":["post-5226","post","type-post","status-publish","format-standard","has-post-thumbnail","hentry","category-svecenici"],"_links":{"self":[{"href":"https:\/\/catholic-su.rs\/hr\/wp-json\/wp\/v2\/posts\/5226","targetHints":{"allow":["GET"]}}],"collection":[{"href":"https:\/\/catholic-su.rs\/hr\/wp-json\/wp\/v2\/posts"}],"about":[{"href":"https:\/\/catholic-su.rs\/hr\/wp-json\/wp\/v2\/types\/post"}],"author":[{"embeddable":true,"href":"https:\/\/catholic-su.rs\/hr\/wp-json\/wp\/v2\/users\/1"}],"replies":[{"embeddable":true,"href":"https:\/\/catholic-su.rs\/hr\/wp-json\/wp\/v2\/comments?post=5226"}],"version-history":[{"count":5,"href":"https:\/\/catholic-su.rs\/hr\/wp-json\/wp\/v2\/posts\/5226\/revisions"}],"predecessor-version":[{"id":44192,"href":"https:\/\/catholic-su.rs\/hr\/wp-json\/wp\/v2\/posts\/5226\/revisions\/44192"}],"wp:featuredmedia":[{"embeddable":true,"href":"https:\/\/catholic-su.rs\/hr\/wp-json\/wp\/v2\/media\/35481"}],"wp:attachment":[{"href":"https:\/\/catholic-su.rs\/hr\/wp-json\/wp\/v2\/media?parent=5226"}],"wp:term":[{"taxonomy":"category","embeddable":true,"href":"https:\/\/catholic-su.rs\/hr\/wp-json\/wp\/v2\/categories?post=5226"},{"taxonomy":"post_tag","embeddable":true,"href":"https:\/\/catholic-su.rs\/hr\/wp-json\/wp\/v2\/tags?post=5226"}],"curies":[{"name":"wp","href":"https:\/\/api.w.org\/{rel}","templated":true}]}}