{"id":47762,"date":"2026-05-01T08:57:53","date_gmt":"2026-05-01T06:57:53","guid":{"rendered":"https:\/\/catholic-su.rs\/?p=47762"},"modified":"2026-05-01T10:54:30","modified_gmt":"2026-05-01T08:54:30","slug":"sakrament-potvrde-svjesno-ucvrscivanje-vjere","status":"publish","type":"post","link":"https:\/\/catholic-su.rs\/hr\/sakrament-potvrde-svjesno-ucvrscivanje-vjere\/","title":{"rendered":"Sakrament potvrde \u2013 svjesno u\u010dvr\u0161\u0107ivanje vjere"},"content":{"rendered":"\t\t<div data-elementor-type=\"wp-post\" data-elementor-id=\"47762\" class=\"elementor elementor-47762\" data-elementor-post-type=\"post\">\n\t\t\t\t\t\t<section class=\"elementor-section elementor-top-section elementor-element elementor-element-26f1a34 elementor-section-boxed elementor-section-height-default elementor-section-height-default\" data-id=\"26f1a34\" data-element_type=\"section\" data-e-type=\"section\">\n\t\t\t\t\t\t<div class=\"elementor-container elementor-column-gap-default\">\n\t\t\t\t\t<div class=\"elementor-column elementor-col-100 elementor-top-column elementor-element elementor-element-0c06a42\" data-id=\"0c06a42\" data-element_type=\"column\" data-e-type=\"column\">\n\t\t\t<div class=\"elementor-widget-wrap elementor-element-populated\">\n\t\t\t\t\t\t<div class=\"elementor-element elementor-element-d3ad34c elementor-widget elementor-widget-text-editor\" data-id=\"d3ad34c\" data-element_type=\"widget\" data-e-type=\"widget\" data-widget_type=\"text-editor.default\">\n\t\t\t\t<div class=\"elementor-widget-container\">\n\t\t\t\t\t\t\t\t\t<p>&nbsp; &nbsp;Kr\u0161\u0107anin \u017eivi \u017eivot koji pripada Bogu i njemu je posve\u0107en. To usmjerenje zapo\u010dinje ve\u0107 u kr\u0161tenju \u2013 isprva odlukom roditelja \u2013 a kasnije ga vjernik svjesno potvr\u0111uje u sakramentu potvrde. Po sakramentima Bog utiskuje trajni biljeg u du\u0161u koji zauvijek svjedo\u010di da pripadamo Kristu i Crkvi te da nas je Bog prihvatio.<\/p>\n<p><strong>Razvoj sakramenta potvrde<\/strong><\/p>\n<p>&nbsp; &nbsp;Latinski naziv za potvrdu je confirmatio, \u0161to zna\u010di u\u010dvr\u0161\u0107enje ili potvr\u0111ivanje. Korijeni ovoga sakramenta se\u017eu do doga\u0111aja Pedesetnice, kada su apostoli primili dar Duha Svetoga.<\/p>\n<p>&nbsp; &nbsp;U prvim stolje\u0107ima Crkve u zajednicu su se primali uglavnom odrasli i zreliji mladi koji su se svjesno pripremili za sakramente i bili spremni \u010dak i \u017eivot dati za Krista. Tijekom vremena sve se vi\u0161e pro\u0161irila praksa da kr\u0161\u0107anski roditelji krste svoju malu djecu kako bi sudjelovala u \u017eivotu Crkve. U po\u010detku su se kr\u0161tenje i potvrda podjeljivali zajedno, naj\u010de\u0161\u0107e tijekom uskrsnog bdjenja. Kasnije su se u zapadnoj Crkvi ta dva sakramenta razdvojila: kr\u0161tenje ozna\u010dava ulazak u Crkvu, dok potvrda izra\u017eava zrelost u vjeri i osobno opredjeljenje. U potvrdi kr\u0161tenik sada vlastitom odlukom preuzima kr\u0161\u0107anski na\u010din \u017eivota i poslanje.<\/p>\n<p><strong>Uvjeti za primanje potvrde<\/strong><\/p>\n<p>&nbsp; Sakramentu potvrde mo\u017ee pristupiti onaj tko je otvoren darovima Duha Svetoga i \u017eeli \u017eivjeti kao Kristov svjedok u zajednici Crkve. Tako\u0111er je potrebno da ga predstavnik Crkve smatra spremnim za taj sakrament. Obi\u010dno je donja dobna granica za potvrdu 14 godina.<\/p>\n<p><strong>Obred potvrde<\/strong><\/p>\n<p>&nbsp; Potvrda se naj\u010de\u0161\u0107e slavi u okviru svete mise. Biskup krizmom, odnosno posve\u0107enim uljem, pomazuje \u010delo krizmanika. Dok ma\u017ee \u010delo, biskup pola\u017ee ruku na glavu krizmanika i izgovara rije\u010di \u00bbPrimi pe\u010dar dara Duha Svetoga\u00ab. Time se pokazuje da je krizmanik postao zreo \u010dlan Crkve. Na slavlju je prisutan i kum (krizmani kum), \u010dija je zada\u0107a pomagati krizmaniku u \u017eivljenju vjere i ispunjavanju njegova poslanja. Kum mo\u017ee biti osoba koja je primila potvrdu, navr\u0161ila 16 godina i \u017eivi u skladu sa svojom vjerom.<\/p>\t\t\t\t\t\t\t\t<\/div>\n\t\t\t\t<\/div>\n\t\t\t\t<div class=\"elementor-element elementor-element-a033d9e elementor-widget elementor-widget-text-editor\" data-id=\"a033d9e\" data-element_type=\"widget\" data-e-type=\"widget\" data-widget_type=\"text-editor.default\">\n\t\t\t\t<div class=\"elementor-widget-container\">\n\t\t\t\t\t\t\t\t\t<p style=\"text-align: center;\"><strong><em>Raspored krizmanja u 2026. godini koje \u0107e obaviti biskup<\/em><\/strong><\/p>\t\t\t\t\t\t\t\t<\/div>\n\t\t\t\t<\/div>\n\t\t\t\t\t<\/div>\n\t\t<\/div>\n\t\t\t\t\t<\/div>\n\t\t<\/section>\n\t\t\t\t<section class=\"elementor-section elementor-top-section elementor-element elementor-element-7d7aff4 elementor-section-boxed elementor-section-height-default elementor-section-height-default\" data-id=\"7d7aff4\" data-element_type=\"section\" data-e-type=\"section\">\n\t\t\t\t\t\t<div class=\"elementor-container elementor-column-gap-default\">\n\t\t\t\t\t<div class=\"elementor-column elementor-col-100 elementor-top-column elementor-element elementor-element-7504aa7\" data-id=\"7504aa7\" data-element_type=\"column\" data-e-type=\"column\">\n\t\t\t<div class=\"elementor-widget-wrap elementor-element-populated\">\n\t\t\t\t\t\t<div class=\"elementor-element elementor-element-7ded219 elementor-widget elementor-widget-image\" data-id=\"7ded219\" data-element_type=\"widget\" data-e-type=\"widget\" data-widget_type=\"image.default\">\n\t\t\t\t<div class=\"elementor-widget-container\">\n\t\t\t\t\t\t\t\t\t\t\t\t\t\t\t<img fetchpriority=\"high\" decoding=\"async\" width=\"442\" height=\"619\" src=\"https:\/\/catholic-su.rs\/wp-content\/uploads\/2026\/05\/Snimak-ekrana-2026-05-01-092435.jpg\" class=\"attachment-large size-large wp-image-47774\" alt=\"\" srcset=\"https:\/\/catholic-su.rs\/wp-content\/uploads\/2026\/05\/Snimak-ekrana-2026-05-01-092435.jpg 442w, https:\/\/catholic-su.rs\/wp-content\/uploads\/2026\/05\/Snimak-ekrana-2026-05-01-092435-214x300.jpg 214w\" sizes=\"(max-width: 442px) 100vw, 442px\" \/>\t\t\t\t\t\t\t\t\t\t\t\t\t\t\t<\/div>\n\t\t\t\t<\/div>\n\t\t\t\t\t<\/div>\n\t\t<\/div>\n\t\t\t\t\t<\/div>\n\t\t<\/section>\n\t\t\t\t<\/div>\n\t\t","protected":false},"excerpt":{"rendered":"<p>Potvrda je va\u017ena etapa u kr\u0161\u0107anskom \u017eivotu u kojoj vjernik svjesno u\u010dvr\u0161\u0107uje svoju vjeru i predaje se Kristu i Crkvi. U ovom sakramentu prima posebne darove Duha Svetoga kako bi svoju vjeru hrabro \u017eivio i o njoj svjedo\u010dio u svakodnevnom \u017eivotu.<\/p>\n","protected":false},"author":7,"featured_media":47748,"comment_status":"closed","ping_status":"closed","sticky":false,"template":"","format":"standard","meta":{"site-sidebar-layout":"default","site-content-layout":"","ast-site-content-layout":"default","site-content-style":"default","site-sidebar-style":"default","ast-global-header-display":"","ast-banner-title-visibility":"","ast-main-header-display":"","ast-hfb-above-header-display":"","ast-hfb-below-header-display":"","ast-hfb-mobile-header-display":"","site-post-title":"","ast-breadcrumbs-content":"","ast-featured-img":"disabled","footer-sml-layout":"","ast-disable-related-posts":"","theme-transparent-header-meta":"","adv-header-id-meta":"","stick-header-meta":"","header-above-stick-meta":"","header-main-stick-meta":"","header-below-stick-meta":"","astra-migrate-meta-layouts":"set","ast-page-background-enabled":"default","ast-page-background-meta":{"desktop":{"background-color":"","background-image":"","background-repeat":"repeat","background-position":"center center","background-size":"auto","background-attachment":"scroll","background-type":"","background-media":"","overlay-type":"","overlay-color":"","overlay-opacity":"","overlay-gradient":""},"tablet":{"background-color":"","background-image":"","background-repeat":"repeat","background-position":"center center","background-size":"auto","background-attachment":"scroll","background-type":"","background-media":"","overlay-type":"","overlay-color":"","overlay-opacity":"","overlay-gradient":""},"mobile":{"background-color":"","background-image":"","background-repeat":"repeat","background-position":"center center","background-size":"auto","background-attachment":"scroll","background-type":"","background-media":"","overlay-type":"","overlay-color":"","overlay-opacity":"","overlay-gradient":""}},"ast-content-background-meta":{"desktop":{"background-color":"var(--ast-global-color-5)","background-image":"","background-repeat":"repeat","background-position":"center center","background-size":"auto","background-attachment":"scroll","background-type":"","background-media":"","overlay-type":"","overlay-color":"","overlay-opacity":"","overlay-gradient":""},"tablet":{"background-color":"var(--ast-global-color-5)","background-image":"","background-repeat":"repeat","background-position":"center center","background-size":"auto","background-attachment":"scroll","background-type":"","background-media":"","overlay-type":"","overlay-color":"","overlay-opacity":"","overlay-gradient":""},"mobile":{"background-color":"var(--ast-global-color-5)","background-image":"","background-repeat":"repeat","background-position":"center center","background-size":"auto","background-attachment":"scroll","background-type":"","background-media":"","overlay-type":"","overlay-color":"","overlay-opacity":"","overlay-gradient":""}},"footnotes":""},"categories":[10],"tags":[],"class_list":["post-47762","post","type-post","status-publish","format-standard","has-post-thumbnail","hentry","category-novosti"],"_links":{"self":[{"href":"https:\/\/catholic-su.rs\/hr\/wp-json\/wp\/v2\/posts\/47762","targetHints":{"allow":["GET"]}}],"collection":[{"href":"https:\/\/catholic-su.rs\/hr\/wp-json\/wp\/v2\/posts"}],"about":[{"href":"https:\/\/catholic-su.rs\/hr\/wp-json\/wp\/v2\/types\/post"}],"author":[{"embeddable":true,"href":"https:\/\/catholic-su.rs\/hr\/wp-json\/wp\/v2\/users\/7"}],"replies":[{"embeddable":true,"href":"https:\/\/catholic-su.rs\/hr\/wp-json\/wp\/v2\/comments?post=47762"}],"version-history":[{"count":13,"href":"https:\/\/catholic-su.rs\/hr\/wp-json\/wp\/v2\/posts\/47762\/revisions"}],"predecessor-version":[{"id":47784,"href":"https:\/\/catholic-su.rs\/hr\/wp-json\/wp\/v2\/posts\/47762\/revisions\/47784"}],"wp:featuredmedia":[{"embeddable":true,"href":"https:\/\/catholic-su.rs\/hr\/wp-json\/wp\/v2\/media\/47748"}],"wp:attachment":[{"href":"https:\/\/catholic-su.rs\/hr\/wp-json\/wp\/v2\/media?parent=47762"}],"wp:term":[{"taxonomy":"category","embeddable":true,"href":"https:\/\/catholic-su.rs\/hr\/wp-json\/wp\/v2\/categories?post=47762"},{"taxonomy":"post_tag","embeddable":true,"href":"https:\/\/catholic-su.rs\/hr\/wp-json\/wp\/v2\/tags?post=47762"}],"curies":[{"name":"wp","href":"https:\/\/api.w.org\/{rel}","templated":true}]}}