{"id":35884,"date":"2024-01-25T17:48:20","date_gmt":"2024-01-25T16:48:20","guid":{"rendered":"https:\/\/catholic-su.rs\/?p=35884"},"modified":"2024-01-30T15:04:57","modified_gmt":"2024-01-30T14:04:57","slug":"suboticka-biskupija-ima-novi-sajt","status":"publish","type":"post","link":"https:\/\/catholic-su.rs\/hr\/suboticka-biskupija-ima-novi-sajt\/","title":{"rendered":"Suboti\u010dka biskupija ima novi sajt"},"content":{"rendered":"\t\t<div data-elementor-type=\"wp-post\" data-elementor-id=\"35884\" class=\"elementor elementor-35884\" data-elementor-post-type=\"post\">\n\t\t\t\t\t\t<section class=\"elementor-section elementor-top-section elementor-element elementor-element-189157a elementor-section-boxed elementor-section-height-default elementor-section-height-default\" data-id=\"189157a\" data-element_type=\"section\" data-e-type=\"section\">\n\t\t\t\t\t\t<div class=\"elementor-container elementor-column-gap-default\">\n\t\t\t\t\t<div class=\"elementor-column elementor-col-100 elementor-top-column elementor-element elementor-element-8ca3c7a\" data-id=\"8ca3c7a\" data-element_type=\"column\" data-e-type=\"column\">\n\t\t\t<div class=\"elementor-widget-wrap elementor-element-populated\">\n\t\t\t\t\t\t<div class=\"elementor-element elementor-element-f430a73 elementor-widget elementor-widget-text-editor\" data-id=\"f430a73\" data-element_type=\"widget\" data-e-type=\"widget\" data-widget_type=\"text-editor.default\">\n\t\t\t\t<div class=\"elementor-widget-container\">\n\t\t\t\t\t\t\t\t\t<p><strong>Novi sajt Suboti\u010dke biskupije danas (25. sije\u010dnja) su javnosti predstavili biskup Suboti\u010dke biskupije Franjo Fazekas, te sve\u0107enici vl\u010d. Vinko Cvijin i pre\u010d. G\u00e1sp\u00e1r J\u00f3zsa. Na konferenciji za medije re\u010deno je kako se na sajtu radilo vi\u0161e od godinu dana, te da \u0107e od sada biti dostupan svima.<\/strong><\/p>\t\t\t\t\t\t\t\t<\/div>\n\t\t\t\t<\/div>\n\t\t\t\t<div class=\"elementor-element elementor-element-0cdc727 elementor-widget elementor-widget-text-editor\" data-id=\"0cdc727\" data-element_type=\"widget\" data-e-type=\"widget\" data-widget_type=\"text-editor.default\">\n\t\t\t\t<div class=\"elementor-widget-container\">\n\t\t\t\t\t\t\t\t\t<p>Novi domen je catholic-su.rs \u2013 no dovoljno je i upisati u Google tra\u017eilicu \u2013 Suboti\u010dka biskupija, koja \u0107e posjetitelje uputiti na \u017eeljeno mjesto.<\/p><p>Ovom prigod biskup Fazekas je istaknuo kako je primarno poslanje Crkve navije\u0161tanje Evan\u0111elja \u2013 Kristov nauk, te je istaknuo kako i Katoli\u010dka crkva \u017eeli koristiti moderna, suvremena sredstva u tu svrhu.<\/p><p>Po rije\u010dima vl\u010d. Cvijina sajt je dostupan na ma\u0111arskom i hrvatskom jeziku, a na njemu se mogu prona\u0107i informacije o sredi\u0161njim biskupijskim ustanovama, o \u017eupama i sve\u0107enicima, o sveti\u0161tima ove biskupije, kao i izvje\u0161\u0107a, te doga\u0111anja iz cijele Suboti\u010dke biskupije.<\/p>\t\t\t\t\t\t\t\t<\/div>\n\t\t\t\t<\/div>\n\t\t\t\t\t<\/div>\n\t\t<\/div>\n\t\t\t\t\t<\/div>\n\t\t<\/section>\n\t\t\t\t<section class=\"elementor-section elementor-top-section elementor-element elementor-element-f16d359 elementor-section-boxed elementor-section-height-default elementor-section-height-default\" data-id=\"f16d359\" data-element_type=\"section\" data-e-type=\"section\">\n\t\t\t\t\t\t<div class=\"elementor-container elementor-column-gap-default\">\n\t\t\t\t\t<div class=\"elementor-column elementor-col-100 elementor-top-column elementor-element elementor-element-58b9cc5\" data-id=\"58b9cc5\" data-element_type=\"column\" data-e-type=\"column\">\n\t\t\t<div class=\"elementor-widget-wrap elementor-element-populated\">\n\t\t\t\t\t\t<div class=\"elementor-element elementor-element-46a4d1d elementor-widget elementor-widget-text-editor\" data-id=\"46a4d1d\" data-element_type=\"widget\" data-e-type=\"widget\" data-widget_type=\"text-editor.default\">\n\t\t\t\t<div class=\"elementor-widget-container\">\n\t\t\t\t\t\t\t\t\t<p>Pre\u010d. G\u00e1sp\u00e1r J\u00f3zsa je napomenuo kako se usprkos duljem vremenskom periodu i svim ulo\u017eenim naporima, na saju mogu prona\u0107i pogre\u0161ke ili nepotpuni podaci, koji \u0107e, kako je istaknuo u hodu biti ispravljeni i upotpunjeni.<\/p><p>Po zavr\u0161etku konferencije biskup Franjo Fazekas je klikom na \u00bbstart\u00ab pokrenuo novi sajt Suboti\u010dke biksupije.<\/p><p><strong>TU Suboti\u010dke biskupije<\/strong> <\/p>\t\t\t\t\t\t\t\t<\/div>\n\t\t\t\t<\/div>\n\t\t\t\t<div class=\"elementor-element elementor-element-4d1197c elementor-widget elementor-widget-gallery\" data-id=\"4d1197c\" data-element_type=\"widget\" data-e-type=\"widget\" data-settings=\"{&quot;columns&quot;:3,&quot;aspect_ratio&quot;:&quot;4:3&quot;,&quot;lazyload&quot;:&quot;yes&quot;,&quot;gallery_layout&quot;:&quot;grid&quot;,&quot;columns_tablet&quot;:2,&quot;columns_mobile&quot;:1,&quot;gap&quot;:{&quot;unit&quot;:&quot;px&quot;,&quot;size&quot;:10,&quot;sizes&quot;:[]},&quot;gap_tablet&quot;:{&quot;unit&quot;:&quot;px&quot;,&quot;size&quot;:10,&quot;sizes&quot;:[]},&quot;gap_mobile&quot;:{&quot;unit&quot;:&quot;px&quot;,&quot;size&quot;:10,&quot;sizes&quot;:[]},&quot;link_to&quot;:&quot;file&quot;,&quot;overlay_background&quot;:&quot;yes&quot;,&quot;content_hover_animation&quot;:&quot;fade-in&quot;}\" data-widget_type=\"gallery.default\">\n\t\t\t\t<div class=\"elementor-widget-container\">\n\t\t\t\t\t\t\t<div class=\"elementor-gallery__container\">\n\t\t\t\t\t\t\t<a class=\"e-gallery-item elementor-gallery-item elementor-animated-content\" href=\"https:\/\/catholic-su.rs\/wp-content\/uploads\/2024\/01\/konferencija-2.jpg\" data-elementor-open-lightbox=\"yes\" data-elementor-lightbox-slideshow=\"4d1197c\" data-elementor-lightbox-title=\"konferencija-2\" data-e-action-hash=\"#elementor-action%3Aaction%3Dlightbox%26settings%3DeyJpZCI6MzU4OTYsInVybCI6Imh0dHBzOlwvXC9jYXRob2xpYy1zdS5yc1wvd3AtY29udGVudFwvdXBsb2Fkc1wvMjAyNFwvMDFcL2tvbmZlcmVuY2lqYS0yLmpwZyIsInNsaWRlc2hvdyI6IjRkMTE5N2MifQ%3D%3D\">\n\t\t\t\t\t<div class=\"e-gallery-image elementor-gallery-item__image\" data-thumbnail=\"https:\/\/catholic-su.rs\/wp-content\/uploads\/2024\/01\/konferencija-2.jpg\" data-width=\"1600\" data-height=\"1197\" aria-label=\"\" role=\"img\" ><\/div>\n\t\t\t\t\t\t\t\t\t\t\t<div class=\"elementor-gallery-item__overlay\"><\/div>\n\t\t\t\t\t\t\t\t\t\t\t\t\t\t<\/a>\n\t\t\t\t\t\t\t<a class=\"e-gallery-item elementor-gallery-item elementor-animated-content\" href=\"https:\/\/catholic-su.rs\/wp-content\/uploads\/2024\/01\/konferencija-3.jpg\" data-elementor-open-lightbox=\"yes\" data-elementor-lightbox-slideshow=\"4d1197c\" data-elementor-lightbox-title=\"konferencija-3\" data-e-action-hash=\"#elementor-action%3Aaction%3Dlightbox%26settings%3DeyJpZCI6MzU4ODYsInVybCI6Imh0dHBzOlwvXC9jYXRob2xpYy1zdS5yc1wvd3AtY29udGVudFwvdXBsb2Fkc1wvMjAyNFwvMDFcL2tvbmZlcmVuY2lqYS0zLmpwZyIsInNsaWRlc2hvdyI6IjRkMTE5N2MifQ%3D%3D\">\n\t\t\t\t\t<div class=\"e-gallery-image elementor-gallery-item__image\" data-thumbnail=\"https:\/\/catholic-su.rs\/wp-content\/uploads\/2024\/01\/konferencija-3.jpg\" data-width=\"1197\" data-height=\"1600\" aria-label=\"\" role=\"img\" ><\/div>\n\t\t\t\t\t\t\t\t\t\t\t<div class=\"elementor-gallery-item__overlay\"><\/div>\n\t\t\t\t\t\t\t\t\t\t\t\t\t\t<\/a>\n\t\t\t\t\t\t\t<a class=\"e-gallery-item elementor-gallery-item elementor-animated-content\" href=\"https:\/\/catholic-su.rs\/wp-content\/uploads\/2024\/01\/konferencija-4.jpg\" data-elementor-open-lightbox=\"yes\" data-elementor-lightbox-slideshow=\"4d1197c\" data-elementor-lightbox-title=\"konferencija-4\" data-e-action-hash=\"#elementor-action%3Aaction%3Dlightbox%26settings%3DeyJpZCI6MzU4ODgsInVybCI6Imh0dHBzOlwvXC9jYXRob2xpYy1zdS5yc1wvd3AtY29udGVudFwvdXBsb2Fkc1wvMjAyNFwvMDFcL2tvbmZlcmVuY2lqYS00LmpwZyIsInNsaWRlc2hvdyI6IjRkMTE5N2MifQ%3D%3D\">\n\t\t\t\t\t<div class=\"e-gallery-image elementor-gallery-item__image\" data-thumbnail=\"https:\/\/catholic-su.rs\/wp-content\/uploads\/2024\/01\/konferencija-4.jpg\" data-width=\"1600\" data-height=\"1197\" aria-label=\"\" role=\"img\" ><\/div>\n\t\t\t\t\t\t\t\t\t\t\t<div class=\"elementor-gallery-item__overlay\"><\/div>\n\t\t\t\t\t\t\t\t\t\t\t\t\t\t<\/a>\n\t\t\t\t\t\t\t<a class=\"e-gallery-item elementor-gallery-item elementor-animated-content\" href=\"https:\/\/catholic-su.rs\/wp-content\/uploads\/2024\/01\/konferencija-5.jpg\" data-elementor-open-lightbox=\"yes\" data-elementor-lightbox-slideshow=\"4d1197c\" data-elementor-lightbox-title=\"konferencija-5\" data-e-action-hash=\"#elementor-action%3Aaction%3Dlightbox%26settings%3DeyJpZCI6MzU4OTAsInVybCI6Imh0dHBzOlwvXC9jYXRob2xpYy1zdS5yc1wvd3AtY29udGVudFwvdXBsb2Fkc1wvMjAyNFwvMDFcL2tvbmZlcmVuY2lqYS01LmpwZyIsInNsaWRlc2hvdyI6IjRkMTE5N2MifQ%3D%3D\">\n\t\t\t\t\t<div class=\"e-gallery-image elementor-gallery-item__image\" data-thumbnail=\"https:\/\/catholic-su.rs\/wp-content\/uploads\/2024\/01\/konferencija-5.jpg\" data-width=\"1197\" data-height=\"1600\" aria-label=\"\" role=\"img\" ><\/div>\n\t\t\t\t\t\t\t\t\t\t\t<div class=\"elementor-gallery-item__overlay\"><\/div>\n\t\t\t\t\t\t\t\t\t\t\t\t\t\t<\/a>\n\t\t\t\t\t\t\t<a class=\"e-gallery-item elementor-gallery-item elementor-animated-content\" href=\"https:\/\/catholic-su.rs\/wp-content\/uploads\/2024\/01\/konferencija-6.jpg\" data-elementor-open-lightbox=\"yes\" data-elementor-lightbox-slideshow=\"4d1197c\" data-elementor-lightbox-title=\"konferencija-6\" data-e-action-hash=\"#elementor-action%3Aaction%3Dlightbox%26settings%3DeyJpZCI6MzU4OTIsInVybCI6Imh0dHBzOlwvXC9jYXRob2xpYy1zdS5yc1wvd3AtY29udGVudFwvdXBsb2Fkc1wvMjAyNFwvMDFcL2tvbmZlcmVuY2lqYS02LmpwZyIsInNsaWRlc2hvdyI6IjRkMTE5N2MifQ%3D%3D\">\n\t\t\t\t\t<div class=\"e-gallery-image elementor-gallery-item__image\" data-thumbnail=\"https:\/\/catholic-su.rs\/wp-content\/uploads\/2024\/01\/konferencija-6.jpg\" data-width=\"1600\" data-height=\"1197\" aria-label=\"\" role=\"img\" ><\/div>\n\t\t\t\t\t\t\t\t\t\t\t<div class=\"elementor-gallery-item__overlay\"><\/div>\n\t\t\t\t\t\t\t\t\t\t\t\t\t\t<\/a>\n\t\t\t\t\t<\/div>\n\t\t\t\t\t<\/div>\n\t\t\t\t<\/div>\n\t\t\t\t\t<\/div>\n\t\t<\/div>\n\t\t\t\t\t<\/div>\n\t\t<\/section>\n\t\t\t\t<\/div>\n\t\t","protected":false},"excerpt":{"rendered":"<p>Novi sajt Suboti\u010dke biskupije danas (25. sije\u010dnja) su javnosti predstavili biskup Suboti\u010dke biskupije Franjo Fazekas, te sve\u0107enici vl\u010d. Vinko Cvijin i pre\u010d. G\u00e1sp\u00e1r J\u00f3zsa. Na konferenciji za medije re\u010deno je kako se na sajtu radilo vi\u0161e od godinu dana, te da \u0107e od sada biti dostupan svima. <\/p>\n","protected":false},"author":1,"featured_media":35894,"comment_status":"closed","ping_status":"closed","sticky":false,"template":"","format":"standard","meta":{"site-sidebar-layout":"default","site-content-layout":"","ast-site-content-layout":"default","site-content-style":"default","site-sidebar-style":"default","ast-global-header-display":"","ast-banner-title-visibility":"","ast-main-header-display":"","ast-hfb-above-header-display":"","ast-hfb-below-header-display":"","ast-hfb-mobile-header-display":"","site-post-title":"","ast-breadcrumbs-content":"","ast-featured-img":"","footer-sml-layout":"","ast-disable-related-posts":"","theme-transparent-header-meta":"","adv-header-id-meta":"","stick-header-meta":"","header-above-stick-meta":"","header-main-stick-meta":"","header-below-stick-meta":"","astra-migrate-meta-layouts":"set","ast-page-background-enabled":"default","ast-page-background-meta":{"desktop":{"background-color":"","background-image":"","background-repeat":"repeat","background-position":"center center","background-size":"auto","background-attachment":"scroll","background-type":"","background-media":"","overlay-type":"","overlay-color":"","overlay-opacity":"","overlay-gradient":""},"tablet":{"background-color":"","background-image":"","background-repeat":"repeat","background-position":"center center","background-size":"auto","background-attachment":"scroll","background-type":"","background-media":"","overlay-type":"","overlay-color":"","overlay-opacity":"","overlay-gradient":""},"mobile":{"background-color":"","background-image":"","background-repeat":"repeat","background-position":"center center","background-size":"auto","background-attachment":"scroll","background-type":"","background-media":"","overlay-type":"","overlay-color":"","overlay-opacity":"","overlay-gradient":""}},"ast-content-background-meta":{"desktop":{"background-color":"var(--ast-global-color-5)","background-image":"","background-repeat":"repeat","background-position":"center center","background-size":"auto","background-attachment":"scroll","background-type":"","background-media":"","overlay-type":"","overlay-color":"","overlay-opacity":"","overlay-gradient":""},"tablet":{"background-color":"var(--ast-global-color-5)","background-image":"","background-repeat":"repeat","background-position":"center center","background-size":"auto","background-attachment":"scroll","background-type":"","background-media":"","overlay-type":"","overlay-color":"","overlay-opacity":"","overlay-gradient":""},"mobile":{"background-color":"var(--ast-global-color-5)","background-image":"","background-repeat":"repeat","background-position":"center center","background-size":"auto","background-attachment":"scroll","background-type":"","background-media":"","overlay-type":"","overlay-color":"","overlay-opacity":"","overlay-gradient":""}},"footnotes":""},"categories":[10],"tags":[],"class_list":["post-35884","post","type-post","status-publish","format-standard","has-post-thumbnail","hentry","category-novosti"],"_links":{"self":[{"href":"https:\/\/catholic-su.rs\/hr\/wp-json\/wp\/v2\/posts\/35884","targetHints":{"allow":["GET"]}}],"collection":[{"href":"https:\/\/catholic-su.rs\/hr\/wp-json\/wp\/v2\/posts"}],"about":[{"href":"https:\/\/catholic-su.rs\/hr\/wp-json\/wp\/v2\/types\/post"}],"author":[{"embeddable":true,"href":"https:\/\/catholic-su.rs\/hr\/wp-json\/wp\/v2\/users\/1"}],"replies":[{"embeddable":true,"href":"https:\/\/catholic-su.rs\/hr\/wp-json\/wp\/v2\/comments?post=35884"}],"version-history":[{"count":5,"href":"https:\/\/catholic-su.rs\/hr\/wp-json\/wp\/v2\/posts\/35884\/revisions"}],"predecessor-version":[{"id":36679,"href":"https:\/\/catholic-su.rs\/hr\/wp-json\/wp\/v2\/posts\/35884\/revisions\/36679"}],"wp:featuredmedia":[{"embeddable":true,"href":"https:\/\/catholic-su.rs\/hr\/wp-json\/wp\/v2\/media\/35894"}],"wp:attachment":[{"href":"https:\/\/catholic-su.rs\/hr\/wp-json\/wp\/v2\/media?parent=35884"}],"wp:term":[{"taxonomy":"category","embeddable":true,"href":"https:\/\/catholic-su.rs\/hr\/wp-json\/wp\/v2\/categories?post=35884"},{"taxonomy":"post_tag","embeddable":true,"href":"https:\/\/catholic-su.rs\/hr\/wp-json\/wp\/v2\/tags?post=35884"}],"curies":[{"name":"wp","href":"https:\/\/api.w.org\/{rel}","templated":true}]}}