{"id":29904,"date":"2024-01-24T13:32:20","date_gmt":"2024-01-24T12:32:20","guid":{"rendered":"https:\/\/catholic-su.rs\/?p=29904"},"modified":"2024-01-30T15:02:14","modified_gmt":"2024-01-30T14:02:14","slug":"dani-biskupa-ivana-antunovica-2024-u-subotici","status":"publish","type":"post","link":"https:\/\/catholic-su.rs\/hr\/dani-biskupa-ivana-antunovica-2024-u-subotici\/","title":{"rendered":"Dani biskupa Ivana Antunovi\u0107a 2024. u Subotici"},"content":{"rendered":"\t\t<div data-elementor-type=\"wp-post\" data-elementor-id=\"29904\" class=\"elementor elementor-29904\" data-elementor-post-type=\"post\">\n\t\t\t\t\t\t<section class=\"elementor-section elementor-top-section elementor-element elementor-element-189157a elementor-section-boxed elementor-section-height-default elementor-section-height-default\" data-id=\"189157a\" data-element_type=\"section\" data-e-type=\"section\">\n\t\t\t\t\t\t<div class=\"elementor-container elementor-column-gap-default\">\n\t\t\t\t\t<div class=\"elementor-column elementor-col-100 elementor-top-column elementor-element elementor-element-8ca3c7a\" data-id=\"8ca3c7a\" data-element_type=\"column\" data-e-type=\"column\">\n\t\t\t<div class=\"elementor-widget-wrap elementor-element-populated\">\n\t\t\t\t\t\t<div class=\"elementor-element elementor-element-f430a73 elementor-widget elementor-widget-text-editor\" data-id=\"f430a73\" data-element_type=\"widget\" data-e-type=\"widget\" data-widget_type=\"text-editor.default\">\n\t\t\t\t<div class=\"elementor-widget-container\">\n\t\t\t\t\t\t\t\t\t<p><strong>Trodnevni program, o 136. obljetnici smrti biskupa Ivana Antunovi\u0107a, Katoli\u010dko dru\u0161tvo \u201eIvan Antunovi\u0107\u201d organiziralo je u Subotici 7., 12. i 19. sije\u010dnja.<\/strong><\/p>\t\t\t\t\t\t\t\t<\/div>\n\t\t\t\t<\/div>\n\t\t\t\t<div class=\"elementor-element elementor-element-0cdc727 elementor-widget elementor-widget-text-editor\" data-id=\"0cdc727\" data-element_type=\"widget\" data-e-type=\"widget\" data-widget_type=\"text-editor.default\">\n\t\t\t\t<div class=\"elementor-widget-container\">\n\t\t\t\t\t\t\t\t\t<p>\u00a0Sveta misa tim povodom slu\u017eena je u suboti\u010dkoj katedrali 7. sije\u010dnja. Misu je predslavio i prigodnu propovijed odr\u017eao <strong>vl\u010d. Tomislav Vojni\u0107 Mijatov<\/strong>, upravitelj \u017dupe svetog Jurja iz Subotice i pro\u010delnik Izdava\u010dkog odjela ovoga dru\u0161tva. U koncelebraciji je bilo nekoliko sve\u0107enika.<\/p><p>Dana 12. sije\u010dnja polo\u017eeni su vijenci na spomenik biskupu Antunovi\u0107u. Vijence su, osim Katoli\u010dkog dru\u0161tva, polo\u017eili i predstavnici Generalnog konzulata Republike Hrvatske u Subotici, Hrvatskog nacionalnog vije\u0107a, Zavoda za kulturu vojvo\u0111anskih Hrvata, NIU \u201eHrvatska rije\u010d\u201d, UBH-a \u201eDu\u017eijanca\u201d, HKC-a \u201eBunjeva\u010dko kolo\u201d iz Subotice i Demokratskog saveza Hrvata u Vojvodini.<\/p><p>Zavr\u0161ni doga\u0111aj trodnevne manifestacije bio je XXXII. \u201eRazgovor\u201d 18. sije\u010dnja u Pastoralnom centru \u201eAugustinianum\u201d, posve\u0107en temi \u201eUklju\u010denost vjernika laika u \u017eivot mjesne Crkve\u201d. O sebi i svome anga\u017emanu u Crkvi govorili su: katehistica i vjerou\u010diteljica <strong>Nevena Gabri\u0107<\/strong>, orgulja\u0161 i zborovo\u0111a <strong>Miroslav Stanti\u0107<\/strong> te ravnatelj Caritasa Suboti\u010dke biskupije<strong> G\u00e1bor Ric<\/strong>.<\/p>\t\t\t\t\t\t\t\t<\/div>\n\t\t\t\t<\/div>\n\t\t\t\t\t<\/div>\n\t\t<\/div>\n\t\t\t\t\t<\/div>\n\t\t<\/section>\n\t\t\t\t<section class=\"elementor-section elementor-top-section elementor-element elementor-element-f16d359 elementor-section-boxed elementor-section-height-default elementor-section-height-default\" data-id=\"f16d359\" data-element_type=\"section\" data-e-type=\"section\">\n\t\t\t\t\t\t<div class=\"elementor-container elementor-column-gap-default\">\n\t\t\t\t\t<div class=\"elementor-column elementor-col-100 elementor-top-column elementor-element elementor-element-58b9cc5\" data-id=\"58b9cc5\" data-element_type=\"column\" data-e-type=\"column\">\n\t\t\t<div class=\"elementor-widget-wrap elementor-element-populated\">\n\t\t\t\t\t\t<div class=\"elementor-element elementor-element-46a4d1d elementor-widget elementor-widget-text-editor\" data-id=\"46a4d1d\" data-element_type=\"widget\" data-e-type=\"widget\" data-widget_type=\"text-editor.default\">\n\t\t\t\t<div class=\"elementor-widget-container\">\n\t\t\t\t\t\t\t\t\t<p><strong>\u201eTo mogu jedino vjernici laici\u201d<\/strong><\/p><p>\u201eKako je po\u010delo moje uklju\u010divanje u \u017eivot \u017eupe? Morala bih se vratiti na svoju obitelj, na\u0161e nedjeljne svete mise, privr\u017eenost mojih roditelja Crkvi i vjeri, a onda i dragom liku s. Mirjam Pand\u017ei\u0107 koja je nas vr\u0161njake pozvala da se pridru\u017eimo pjevanju u Katedralnom zboru \u2018Albe Vidakovi\u0107\u2019 . Kao dijete nisam razmi\u0161ljala niti imala svijest o tome je li to va\u017eno, nama je bilo veselo i lijepo. \u010casna je bila zadovoljna, njezina radost se prenosila na nas, na\u0161e mladena\u010dko raspolo\u017eenje se prenosilo na nju. Uz sestru Mirjam je vezan i po\u010detak mojeg obla\u010denja u no\u0161nju, pa sam se i na taj na\u010din polako pribli\u017eila \u017eivotu \u017eupe i zavoljela Du\u017eijancu. Uz to sam nekada \u010ditala na misama. Uz djetinjstvo je vezan i moj dolazak u crkvu na ispomo\u0107 kod velikog spremanja crkve. Otkrila sam da spremati crkvu nikada nije dosadno kao kada se sprema kod ku\u0107e. To samo poma\u017ee da se uz crkvu vi\u0161e ve\u017eemo\u201d, kazala je na po\u010detku svojega izlaganja Gabri\u0107eva.<\/p>\t\t\t\t\t\t\t\t<\/div>\n\t\t\t\t<\/div>\n\t\t\t\t\t<\/div>\n\t\t<\/div>\n\t\t\t\t\t<\/div>\n\t\t<\/section>\n\t\t\t\t<section class=\"elementor-section elementor-top-section elementor-element elementor-element-bcb162d elementor-section-boxed elementor-section-height-default elementor-section-height-default\" data-id=\"bcb162d\" data-element_type=\"section\" data-e-type=\"section\">\n\t\t\t\t\t\t<div class=\"elementor-container elementor-column-gap-default\">\n\t\t\t\t\t<div class=\"elementor-column elementor-col-50 elementor-top-column elementor-element elementor-element-3ac19c27\" data-id=\"3ac19c27\" data-element_type=\"column\" data-e-type=\"column\">\n\t\t\t<div class=\"elementor-widget-wrap elementor-element-populated\">\n\t\t\t\t\t\t<div class=\"elementor-element elementor-element-619d22c3 elementor-widget elementor-widget-text-editor\" data-id=\"619d22c3\" data-element_type=\"widget\" data-e-type=\"widget\" data-widget_type=\"text-editor.default\">\n\t\t\t\t<div class=\"elementor-widget-container\">\n\t\t\t\t\t\t\t\t\t<p>O tome kako je postala vjerou\u010diteljica je posvjedo\u010dila: \u201eSlu\u0161ala sam odgojiteljicu iz vrti\u0107a \u2018Marija Petkovi\u0107\u2019 koja je zanosno pri\u010dala o Teolo\u0161ko-katehetskom institutu koji je upisala i pitala me za\u0161to se i ja ne upi\u0161em. Shvatila sam to kao poziv, upisala se i 2010. diplomirala. Prije zavr\u0161etka studija sam na poziv \u017eupnika <strong>Stjepana Bereti\u0107a<\/strong> po\u010dela dolaziti na \u017eupni vjeronauk, a kasnije su uslijedile \u0161kole gdje sam bila anga\u017eirana. Posljednje dvije godine radim u \u0161est \u0161kola, prisutna sam i u \u017eupnom vjeronauku u katedrali, a subotom imam sat u \u017dupi Uzvi\u0161enja Svetoga Kri\u017ea. U dva navrata sam dr\u017eala \u017eupni vjeronauk i u \u017dupi sv. Jurja. O ljepoti, ozbiljnosti, predanosti i na\u010dinu rada s djecom nau\u010dila sam od na\u0161eg \u017eupnika Stjepana\u201d, navela je.<\/p><p>\u201eDa su vjernici laici hitna potreba Crkve, kako\u00a0<\/p>\t\t\t\t\t\t\t\t<\/div>\n\t\t\t\t<\/div>\n\t\t\t\t\t<\/div>\n\t\t<\/div>\n\t\t\t\t<div class=\"elementor-column elementor-col-50 elementor-top-column elementor-element elementor-element-e11956f\" data-id=\"e11956f\" data-element_type=\"column\" data-e-type=\"column\">\n\t\t\t<div class=\"elementor-widget-wrap elementor-element-populated\">\n\t\t\t\t\t\t<div class=\"elementor-element elementor-element-3e26670d elementor-widget elementor-widget-image-gallery\" data-id=\"3e26670d\" data-element_type=\"widget\" data-e-type=\"widget\" data-widget_type=\"image-gallery.default\">\n\t\t\t\t<div class=\"elementor-widget-container\">\n\t\t\t\t\t\t\t<div class=\"elementor-image-gallery\">\n\t\t\t<div id='gallery-1' class='gallery galleryid-29904 gallery-columns-1 gallery-size-full'><figure class='gallery-item'>\n\t\t\t<div class='gallery-icon portrait'>\n\t\t\t\t<a data-elementor-open-lightbox=\"no\" href='https:\/\/catholic-su.rs\/wp-content\/uploads\/2024\/01\/daniia350f3-scaled.jpg'><img fetchpriority=\"high\" width=\"1920\" height=\"2560\" src=\"https:\/\/catholic-su.rs\/wp-content\/uploads\/2024\/01\/daniia350f3-scaled.jpg\" class=\"attachment-full size-full\" alt=\"\" decoding=\"async\" srcset=\"https:\/\/catholic-su.rs\/wp-content\/uploads\/2024\/01\/daniia350f3-scaled.jpg 1920w, https:\/\/catholic-su.rs\/wp-content\/uploads\/2024\/01\/daniia350f3-225x300.jpg 225w, https:\/\/catholic-su.rs\/wp-content\/uploads\/2024\/01\/daniia350f3-768x1024.jpg 768w, https:\/\/catholic-su.rs\/wp-content\/uploads\/2024\/01\/daniia350f3-1152x1536.jpg 1152w, https:\/\/catholic-su.rs\/wp-content\/uploads\/2024\/01\/daniia350f3-1536x2048.jpg 1536w\" sizes=\"(max-width: 1920px) 100vw, 1920px\" \/><\/a>\n\t\t\t<\/div><\/figure>\n\t\t<\/div>\n\t\t<\/div>\n\t\t\t\t\t\t<\/div>\n\t\t\t\t<\/div>\n\t\t\t\t\t<\/div>\n\t\t<\/div>\n\t\t\t\t\t<\/div>\n\t\t<\/section>\n\t\t\t\t<section class=\"elementor-section elementor-top-section elementor-element elementor-element-43f819a elementor-section-boxed elementor-section-height-default elementor-section-height-default\" data-id=\"43f819a\" data-element_type=\"section\" data-e-type=\"section\">\n\t\t\t\t\t\t<div class=\"elementor-container elementor-column-gap-default\">\n\t\t\t\t\t<div class=\"elementor-column elementor-col-100 elementor-top-column elementor-element elementor-element-df825f0\" data-id=\"df825f0\" data-element_type=\"column\" data-e-type=\"column\">\n\t\t\t<div class=\"elementor-widget-wrap elementor-element-populated\">\n\t\t\t\t\t\t<div class=\"elementor-element elementor-element-41b3e1b elementor-widget elementor-widget-text-editor\" data-id=\"41b3e1b\" data-element_type=\"widget\" data-e-type=\"widget\" data-widget_type=\"text-editor.default\">\n\t\t\t\t<div class=\"elementor-widget-container\">\n\t\t\t\t\t\t\t\t\t<p>sve\u0107enici\u00a0ne mogu do\u0107i do du\u0161a koje su se udaljile od Crkve, nego to mogu jedino laici koji s njima \u017eive pokazalo se istinito u susretu s djecom koja ne dolaze u crkvu, ali su upisana na katoli\u010dki vjeronauk u \u0161koli. Mnoge nikada ne uspijem privu\u0107i u crkvu. Dogodi se da djeca po\u010dnu dolaziti na \u017eupni vjeronauk i nastave i nakon primanja sakramenata, no ima i onih koji odustanu. Uvijek to vezano uz roditelje. Neki roditelji ne daju priliku za razgovor, ne poka\u017eu interesiranje, to ih optere\u0107uje&#8230; Drugi se otvore, ispri\u010daju svoje \u017eivotne pri\u010de, pa je to opet prilika da kako najbolje znam progovorim o Bogu. Ponekad je dovoljno na\u0107i im se pri ruci, saslu\u0161ati ih, moliti za njih, suosje\u0107ati s njima. U kratkim prolaznim razgovorima u zbornici s kolegama bude zgodnih momenata za koju rije\u010d o vjeri ili Crkvi\u201d, navela je Nevena neka od iskustava.<\/p><p>Vjerou\u010diteljica je priznala kako se nerijetko u svojem poslu osje\u0107a neuspje\u0161no. \u201e\u0160kole u kojima radim imaju malo djece na katoli\u010dkom vjeronauku, malo je i grupa, nekako te\u0161ko sve ide. Onda se sjetim da je sv. Terezija Avilska rekla da Gospodin ne gleda toliko na veli\u010dinu djela, nego na ljubav kojom se \u010dini. Ove rije\u010di me utje\u0161e, umire, i daju novu snagu. Ljepota vjerou\u010diteljskog poziva je i ta \u0161to \u0161kolsko zvono uvijek najavi priliku za novi po\u010detak, a onda znam da pred sobom imam 45 minuta da poku\u0161am barem malo pribli\u017eiti i sebe i tu djecu Bogu. Uvijek im je interesantnije slu\u0161ati o nekim vjerskim istinama kroz primjere ili iskustva drugih ljudi. Zato su mi uvijek dobrodo\u0161li lijepi primjeri koje vidim oko sebe\u201d.<\/p><p>Gabri\u0107eva je u nastavku spomenula neka od svojih iskustava svjedo\u010denja evan\u0111elja u razli\u010ditim prigodama svoje katehetske slu\u017ebe, kao i neke od drugih svojih anga\u017emana u Crkvi.<\/p>\t\t\t\t\t\t\t\t<\/div>\n\t\t\t\t<\/div>\n\t\t\t\t\t<\/div>\n\t\t<\/div>\n\t\t\t\t\t<\/div>\n\t\t<\/section>\n\t\t\t\t<section class=\"elementor-section elementor-top-section elementor-element elementor-element-33b0ec2 elementor-section-boxed elementor-section-height-default elementor-section-height-default\" data-id=\"33b0ec2\" data-element_type=\"section\" data-e-type=\"section\">\n\t\t\t\t\t\t<div class=\"elementor-container elementor-column-gap-default\">\n\t\t\t\t\t<div class=\"elementor-column elementor-col-100 elementor-top-column elementor-element elementor-element-ae2a952\" data-id=\"ae2a952\" data-element_type=\"column\" data-e-type=\"column\">\n\t\t\t<div class=\"elementor-widget-wrap elementor-element-populated\">\n\t\t\t\t\t\t<div class=\"elementor-element elementor-element-0261a73 elementor-widget elementor-widget-text-editor\" data-id=\"0261a73\" data-element_type=\"widget\" data-e-type=\"widget\" data-widget_type=\"text-editor.default\">\n\t\t\t\t<div class=\"elementor-widget-container\">\n\t\t\t\t\t\t\t\t\t<p><strong>\u201eMoje je poslanje glazbom navije\u0161tati kr\u0161\u0107anske vrednote\u201d<\/strong><\/p>\t\t\t\t\t\t\t\t<\/div>\n\t\t\t\t<\/div>\n\t\t\t\t\t<\/div>\n\t\t<\/div>\n\t\t\t\t\t<\/div>\n\t\t<\/section>\n\t\t\t\t<section class=\"elementor-section elementor-top-section elementor-element elementor-element-12a01c6 elementor-section-boxed elementor-section-height-default elementor-section-height-default\" data-id=\"12a01c6\" data-element_type=\"section\" data-e-type=\"section\">\n\t\t\t\t\t\t<div class=\"elementor-container elementor-column-gap-default\">\n\t\t\t\t\t<div class=\"elementor-column elementor-col-50 elementor-top-column elementor-element elementor-element-2e80c8c\" data-id=\"2e80c8c\" data-element_type=\"column\" data-e-type=\"column\">\n\t\t\t<div class=\"elementor-widget-wrap elementor-element-populated\">\n\t\t\t\t\t\t<div class=\"elementor-element elementor-element-f049dd9 elementor-widget elementor-widget-text-editor\" data-id=\"f049dd9\" data-element_type=\"widget\" data-e-type=\"widget\" data-widget_type=\"text-editor.default\">\n\t\t\t\t<div class=\"elementor-widget-container\">\n\t\t\t\t\t\t\t\t\t<p>Miroslav Stanti\u0107, koji je ve\u0107 12. godinu na slu\u017ebi suboti\u010dkog katedralnog zborovo\u0111e i orgulja\u0161a, opisao je put svojega glazbenoga oblikovanja. \u201eLjubav prema glazbi rodila se u meni u \u2018Maloj\u2019 i \u2019Velikoj\u2019 crkvi, gdje su sestre Na\u0161e Gospe s. Bernardica i s. Mirjam vodile glazbeni \u017eivot. Uz njih sam prvi puta sjeo za harmonij i orgulje, te nevje\u0161to stao pred zbor. Kasnije ustrajno vje\u017ebanje sviranja klavira, orgulja, te zanimanje za povijesne tekovine glazbe, uz ohrabrivanje njih dvije i mojih roditelja, dovelo me je u srednju glazbenu \u0161kolu, te na Fakultet muzi\u010dke umjetnosti u Beogradu na Odsjek za muzikologiju u klasu <strong>prof. Sonje Marinkovi\u0107<\/strong>, gdje sam stipendist Zaklade \u201eRenovabis\u201d. U ovim godinama bilo je toliko usvojenoga znanja, blagotvornih kontakata s vrhunskim stru\u010dnjacima koji su moj glazbeni rad kako u crkvenoj glazbi tako i u oblasti muzikologije i koncertiranja obilje\u017eili za cijeli \u017eivot\u201d.<\/p>\t\t\t\t\t\t\t\t<\/div>\n\t\t\t\t<\/div>\n\t\t\t\t\t<\/div>\n\t\t<\/div>\n\t\t\t\t<div class=\"elementor-column elementor-col-50 elementor-top-column elementor-element elementor-element-8a2806a\" data-id=\"8a2806a\" data-element_type=\"column\" data-e-type=\"column\">\n\t\t\t<div class=\"elementor-widget-wrap elementor-element-populated\">\n\t\t\t\t\t\t<div class=\"elementor-element elementor-element-adc345a elementor-widget elementor-widget-image-gallery\" data-id=\"adc345a\" data-element_type=\"widget\" data-e-type=\"widget\" data-widget_type=\"image-gallery.default\">\n\t\t\t\t<div class=\"elementor-widget-container\">\n\t\t\t\t\t\t\t<div class=\"elementor-image-gallery\">\n\t\t\t<div id='gallery-2' class='gallery galleryid-29904 gallery-columns-1 gallery-size-full'><figure class='gallery-item'>\n\t\t\t<div class='gallery-icon portrait'>\n\t\t\t\t<a data-elementor-open-lightbox=\"no\" href='https:\/\/catholic-su.rs\/wp-content\/uploads\/2024\/01\/daniia350f2-scaled.jpg'><img width=\"1920\" height=\"2560\" src=\"https:\/\/catholic-su.rs\/wp-content\/uploads\/2024\/01\/daniia350f2-scaled.jpg\" class=\"attachment-full size-full\" alt=\"\" decoding=\"async\" srcset=\"https:\/\/catholic-su.rs\/wp-content\/uploads\/2024\/01\/daniia350f2-scaled.jpg 1920w, https:\/\/catholic-su.rs\/wp-content\/uploads\/2024\/01\/daniia350f2-225x300.jpg 225w, https:\/\/catholic-su.rs\/wp-content\/uploads\/2024\/01\/daniia350f2-768x1024.jpg 768w, https:\/\/catholic-su.rs\/wp-content\/uploads\/2024\/01\/daniia350f2-1152x1536.jpg 1152w, https:\/\/catholic-su.rs\/wp-content\/uploads\/2024\/01\/daniia350f2-1536x2048.jpg 1536w\" sizes=\"(max-width: 1920px) 100vw, 1920px\" \/><\/a>\n\t\t\t<\/div><\/figure>\n\t\t<\/div>\n\t\t<\/div>\n\t\t\t\t\t\t<\/div>\n\t\t\t\t<\/div>\n\t\t\t\t\t<\/div>\n\t\t<\/div>\n\t\t\t\t\t<\/div>\n\t\t<\/section>\n\t\t\t\t<section class=\"elementor-section elementor-top-section elementor-element elementor-element-c76829e elementor-section-boxed elementor-section-height-default elementor-section-height-default\" data-id=\"c76829e\" data-element_type=\"section\" data-e-type=\"section\">\n\t\t\t\t\t\t<div class=\"elementor-container elementor-column-gap-default\">\n\t\t\t\t\t<div class=\"elementor-column elementor-col-100 elementor-top-column elementor-element elementor-element-a3a71a1\" data-id=\"a3a71a1\" data-element_type=\"column\" data-e-type=\"column\">\n\t\t\t<div class=\"elementor-widget-wrap elementor-element-populated\">\n\t\t\t\t\t\t<div class=\"elementor-element elementor-element-12842ce elementor-widget elementor-widget-text-editor\" data-id=\"12842ce\" data-element_type=\"widget\" data-e-type=\"widget\" data-widget_type=\"text-editor.default\">\n\t\t\t\t<div class=\"elementor-widget-container\">\n\t\t\t\t\t\t\t\t\t<p>Stanti\u0107 je naveo doga\u0111aje koji su obilje\u017eili neke od godina njegovoga djelovanja kao crkvenoga glazbenika. \u201ePrije deset godina imali smo veli\u010danstvene Dane Albe Vidakovi\u0107a o 100. godi\u0161njici njegova ro\u0111enja i 50. smrti. Povjerena mi je organizacija me\u0111unarodnoga znanstvenoga skupa te koncerta, na kojima su sudjelovali stru\u010dnjaci iz vi\u0161e zemalja i rasvijetlili lik ovoga na\u0161ega velikana u do tada nekim nepoznatim segmentima njegova rada. Bile su obilje\u017eene godi\u0161njice ro\u0111enja Alekse Koki\u0107a, biskupa Matije Zvekanovi\u0107a te drugih. Poseban i va\u017ean koncert bio je na \u2018Mokranj\u010devim danima\u2019 u Negotinu, najzna\u010dajnijem glazbenom festivalu u Srbiji, kada smo se sa zborom \u2018Collegium musicum catholicum\u2019 predstavili djelima gregorijanskoga korala, Vidakovi\u0107a, te hrvatske sakralne glazbe. Uz to, na\u0161 je glazbeni apostolat u\u0161ao duboko u kulturne i umjetni\u010dke krugove u Srbiji i Hrvatskoj i \u0161ire, te je suboti\u010dka katedrala postala jedna od \u2018uzora crkvene glazbe\u2019 u na\u0161em narodu. To je plod rada vjernika laika \u010dlanova na\u0161ih zborova i njegova dirigenta\u201d, kazao je on, dodav\u0161i kao primjer suboti\u010dke uskrsne koncerte katedralnoga zbora. \u201eIzvedbe velikih misa sa solistima i orkestrima, razni prijenosi misa, te mnoga gostovanja doprinose ugledu i prepoznatljivosti na\u0161e mjesne Crkve\u201d, rekao je Stanti\u0107.<\/p><p>On je na kraju dodao i iskustvo svojeg profesorskog anga\u017emana u Glazbenoj \u0161koli u Subotici, rekav\u0161i kako su se mnogi od kolega glazbenika i u\u010denika uklju\u010dili u rad zborova, neki sviranjem, a neki i postali aktivni vjernici. \u201eUloga vjernika laika u Crkvi je dvosmjerna putanja uz zajedni\u010dku suradnju na izgradnji kako umjetnosti tako i drugih ljudskih i kr\u0161\u0107anskih vrijednosti. Na\u0161e, ili u ovome slu\u010daju moje poslanje jest poku\u0161ati glazbom navije\u0161tati spomenute vrijednosti ljudima s kojima radim, te tako doprinositi ugledu i promicanju na\u0161e glazbene i umjetni\u010dke ba\u0161tine, kao i ugledu mjesne Crkve\u201d, zaklju\u010dio je Stanti\u0107.<\/p>\t\t\t\t\t\t\t\t<\/div>\n\t\t\t\t<\/div>\n\t\t\t\t\t<\/div>\n\t\t<\/div>\n\t\t\t\t\t<\/div>\n\t\t<\/section>\n\t\t\t\t<section class=\"elementor-section elementor-top-section elementor-element elementor-element-e396e65 elementor-section-boxed elementor-section-height-default elementor-section-height-default\" data-id=\"e396e65\" data-element_type=\"section\" data-e-type=\"section\">\n\t\t\t\t\t\t<div class=\"elementor-container elementor-column-gap-default\">\n\t\t\t\t\t<div class=\"elementor-column elementor-col-100 elementor-top-column elementor-element elementor-element-d911fa6\" data-id=\"d911fa6\" data-element_type=\"column\" data-e-type=\"column\">\n\t\t\t<div class=\"elementor-widget-wrap elementor-element-populated\">\n\t\t\t\t\t\t<div class=\"elementor-element elementor-element-a0775f3 elementor-widget elementor-widget-text-editor\" data-id=\"a0775f3\" data-element_type=\"widget\" data-e-type=\"widget\" data-widget_type=\"text-editor.default\">\n\t\t\t\t<div class=\"elementor-widget-container\">\n\t\t\t\t\t\t\t\t\t<p>G\u00e1bor Ric govorio je o svojim motivima i iskustvima u djelovanju i vo\u0111enju Caritasa.<\/p><p>Nakon toga, nazo\u010dni su imali prigodu postavljati pitanja i uklju\u010diti se u razgovor. Pozitivni primjeri bili su poticajni za slu\u0161ateljstvo.<\/p><p>U sklopu programa XXXII. \u201eRazgovora\u201d, stihove Alekse Koki\u0107a \u201eBunjevci biskupu Antunovi\u0107u\u201d, koji su napisani o 50. obljetnici Antunovi\u0107eve smrti i objavljeni u <em>Suboti\u010dkoj Danici<\/em> za 1938., pro\u010ditao je <strong>Marko Kri\u017eanovi\u0107<\/strong>.<\/p><p><strong>Zv. \u2013 J. \u0160.<\/strong><\/p>\t\t\t\t\t\t\t\t<\/div>\n\t\t\t\t<\/div>\n\t\t\t\t\t<\/div>\n\t\t<\/div>\n\t\t\t\t\t<\/div>\n\t\t<\/section>\n\t\t\t\t<\/div>\n\t\t","protected":false},"excerpt":{"rendered":"<p>Trodnevni program, o 136. obljetnici smrti biskupa Ivana Antunovi\u0107a, Katoli\u010dko dru\u0161tvo \u201eIvan Antunovi\u0107\u201d organiziralo je u Subotici 7., 12. i 19. sije\u010dnja.<\/p>\n","protected":false},"author":6,"featured_media":29905,"comment_status":"closed","ping_status":"closed","sticky":false,"template":"","format":"standard","meta":{"site-sidebar-layout":"default","site-content-layout":"","ast-site-content-layout":"default","site-content-style":"default","site-sidebar-style":"default","ast-global-header-display":"","ast-banner-title-visibility":"","ast-main-header-display":"","ast-hfb-above-header-display":"","ast-hfb-below-header-display":"","ast-hfb-mobile-header-display":"","site-post-title":"","ast-breadcrumbs-content":"","ast-featured-img":"","footer-sml-layout":"","ast-disable-related-posts":"","theme-transparent-header-meta":"","adv-header-id-meta":"","stick-header-meta":"","header-above-stick-meta":"","header-main-stick-meta":"","header-below-stick-meta":"","astra-migrate-meta-layouts":"set","ast-page-background-enabled":"default","ast-page-background-meta":{"desktop":{"background-color":"","background-image":"","background-repeat":"repeat","background-position":"center center","background-size":"auto","background-attachment":"scroll","background-type":"","background-media":"","overlay-type":"","overlay-color":"","overlay-opacity":"","overlay-gradient":""},"tablet":{"background-color":"","background-image":"","background-repeat":"repeat","background-position":"center center","background-size":"auto","background-attachment":"scroll","background-type":"","background-media":"","overlay-type":"","overlay-color":"","overlay-opacity":"","overlay-gradient":""},"mobile":{"background-color":"","background-image":"","background-repeat":"repeat","background-position":"center center","background-size":"auto","background-attachment":"scroll","background-type":"","background-media":"","overlay-type":"","overlay-color":"","overlay-opacity":"","overlay-gradient":""}},"ast-content-background-meta":{"desktop":{"background-color":"var(--ast-global-color-5)","background-image":"","background-repeat":"repeat","background-position":"center center","background-size":"auto","background-attachment":"scroll","background-type":"","background-media":"","overlay-type":"","overlay-color":"","overlay-opacity":"","overlay-gradient":""},"tablet":{"background-color":"var(--ast-global-color-5)","background-image":"","background-repeat":"repeat","background-position":"center center","background-size":"auto","background-attachment":"scroll","background-type":"","background-media":"","overlay-type":"","overlay-color":"","overlay-opacity":"","overlay-gradient":""},"mobile":{"background-color":"var(--ast-global-color-5)","background-image":"","background-repeat":"repeat","background-position":"center center","background-size":"auto","background-attachment":"scroll","background-type":"","background-media":"","overlay-type":"","overlay-color":"","overlay-opacity":"","overlay-gradient":""}},"footnotes":""},"categories":[10],"tags":[],"class_list":["post-29904","post","type-post","status-publish","format-standard","has-post-thumbnail","hentry","category-novosti"],"_links":{"self":[{"href":"https:\/\/catholic-su.rs\/hr\/wp-json\/wp\/v2\/posts\/29904","targetHints":{"allow":["GET"]}}],"collection":[{"href":"https:\/\/catholic-su.rs\/hr\/wp-json\/wp\/v2\/posts"}],"about":[{"href":"https:\/\/catholic-su.rs\/hr\/wp-json\/wp\/v2\/types\/post"}],"author":[{"embeddable":true,"href":"https:\/\/catholic-su.rs\/hr\/wp-json\/wp\/v2\/users\/6"}],"replies":[{"embeddable":true,"href":"https:\/\/catholic-su.rs\/hr\/wp-json\/wp\/v2\/comments?post=29904"}],"version-history":[{"count":5,"href":"https:\/\/catholic-su.rs\/hr\/wp-json\/wp\/v2\/posts\/29904\/revisions"}],"predecessor-version":[{"id":36655,"href":"https:\/\/catholic-su.rs\/hr\/wp-json\/wp\/v2\/posts\/29904\/revisions\/36655"}],"wp:featuredmedia":[{"embeddable":true,"href":"https:\/\/catholic-su.rs\/hr\/wp-json\/wp\/v2\/media\/29905"}],"wp:attachment":[{"href":"https:\/\/catholic-su.rs\/hr\/wp-json\/wp\/v2\/media?parent=29904"}],"wp:term":[{"taxonomy":"category","embeddable":true,"href":"https:\/\/catholic-su.rs\/hr\/wp-json\/wp\/v2\/categories?post=29904"},{"taxonomy":"post_tag","embeddable":true,"href":"https:\/\/catholic-su.rs\/hr\/wp-json\/wp\/v2\/tags?post=29904"}],"curies":[{"name":"wp","href":"https:\/\/api.w.org\/{rel}","templated":true}]}}