{"id":29885,"date":"2024-01-24T13:13:32","date_gmt":"2024-01-24T12:13:32","guid":{"rendered":"https:\/\/catholic-su.rs\/?p=29885"},"modified":"2024-01-30T15:02:39","modified_gmt":"2024-01-30T14:02:39","slug":"dosasce-i-bozic-u-zupi-rodenja-blazene-djevice-marije-u-subotici","status":"publish","type":"post","link":"https:\/\/catholic-su.rs\/hr\/dosasce-i-bozic-u-zupi-rodenja-blazene-djevice-marije-u-subotici\/","title":{"rendered":"Do\u0161a\u0161\u0107e i Bo\u017ei\u0107 u \u017dupi Ro\u0111enja Bla\u017eene Djevice Marije u Subotici"},"content":{"rendered":"\t\t<div data-elementor-type=\"wp-post\" data-elementor-id=\"29885\" class=\"elementor elementor-29885\" data-elementor-post-type=\"post\">\n\t\t\t\t\t\t<section class=\"elementor-section elementor-top-section elementor-element elementor-element-189157a elementor-section-boxed elementor-section-height-default elementor-section-height-default\" data-id=\"189157a\" data-element_type=\"section\" data-e-type=\"section\">\n\t\t\t\t\t\t<div class=\"elementor-container elementor-column-gap-default\">\n\t\t\t\t\t<div class=\"elementor-column elementor-col-100 elementor-top-column elementor-element elementor-element-8ca3c7a\" data-id=\"8ca3c7a\" data-element_type=\"column\" data-e-type=\"column\">\n\t\t\t<div class=\"elementor-widget-wrap elementor-element-populated\">\n\t\t\t\t\t\t<div class=\"elementor-element elementor-element-f430a73 elementor-widget elementor-widget-text-editor\" data-id=\"f430a73\" data-element_type=\"widget\" data-e-type=\"widget\" data-widget_type=\"text-editor.default\">\n\t\t\t\t<div class=\"elementor-widget-container\">\n\t\t\t\t\t\t\t\t\t<p><strong>Tijekom do\u0161a\u0161\u0107a, kao i prija\u0161njih godina, u \u017dupi Ro\u0111enja Bla\u017eene Djevice Marije organizirano je nekoliko aktivnosti i radionica. U ovim aktivnostima sudjelovala su djeca, njihovi roditelji i ostali vjernici. Geslo svih ovih aktivnosti bilo je: \u201eBog je ljubav\u201d. Vo\u0111eni tom istinom svi sudionici dali su dio sebe za druge. Zajedni\u0161tvo se produljilo i na svetkovanje Bo\u017ei\u0107a.<\/strong><\/p>\t\t\t\t\t\t\t\t<\/div>\n\t\t\t\t<\/div>\n\t\t\t\t<div class=\"elementor-element elementor-element-0cdc727 elementor-widget elementor-widget-text-editor\" data-id=\"0cdc727\" data-element_type=\"widget\" data-e-type=\"widget\" data-widget_type=\"text-editor.default\">\n\t\t\t\t<div class=\"elementor-widget-container\">\n\t\t\t\t\t\t\t\t\t<p>U sklopu \u017eupnog vjeronauka na hrvatskom i ma\u0111arskom jeziku organizirane su radionice u kojima su djeca uz pomo\u0107 roditelja izra\u0111ivala bo\u017ei\u0107ne \u010destitke. Izlagane su nakon nedjeljnih svetih misa, a prikupljeni prilozi od prodaje \u010destitki kori\u0161teni su za dobrotvorne akcije \u017eupe.<\/p><p>U proteklom razdoblju pripremljeno je gotovo 30 prehrambenih paketa koji su uru\u010deni obiteljima u potrebi. Paket je sadr\u017eavao ulje za kuhanje, ri\u017eu, bra\u0161no, tjesteninu, \u0161e\u0107er, jabuke, vino, slatki\u0161e i pile\u0107e meso. U paketu su bile i toaletne potrep\u0161tine koje su osigurane zahvaljuju\u0107i Caritasu.<\/p><p>Tijekom adventa djeca su uz pomo\u0107 odraslih pripremila predstavu pod nazivom \u201eBetlehemska igra\u201d. Tim nastupom obi\u0161li su nekoliko obitelji. Nakon predstave djeca su sama uru\u010dila pakete hrane izra\u0111ene u \u017eupi obiteljima koje \u017eive u skromnijim \u017eivotnim uvjetima. Za djecu je to o\u010dito bilo veliko iskustvo jer su i odraslima mogli dati ne\u0161to vrijedno. S predstavom \u201eBetlehemska igra\u201d djeca su sudjelovala i u programu \u201eKreatori veselog raspolo\u017eenja\u201d na \u0160upljaku. Nekoliko nazo\u010dnih sve\u0107enika pohvalilo je na\u0161u betlehemsku predstavu rekav\u0161i da je uistinu me\u0111unarodna. Naime, osim pjesama na ma\u0111arskom i hrvatskom, mogla se \u010duti i poezija na kineskom. Ista trojezi\u010dna predstava predstavljena je vjernicima u na\u0161oj crkvi prije mise polno\u0107ke.<\/p><p>Po prvi puta ovog Bo\u017ei\u0107a je u \u017eupi organiziran \u201eBo\u017ei\u0107 nade\u201d. Pozvani su ljudi koji su ove godine Bo\u017ei\u0107 proveli sami. Od 16.20 sati molila se krunica, a od 17 sati celebrirano je misno slavlje u crkvi. Potom je uprili\u010dena skromna ve\u010dera u \u017eupnoj vjeronau\u010dnoj u\u010dionici tijekom koje su se pjevale bo\u017ei\u0107ne pjesme, darivali gosti te razgovaralo i slavio \u017divot. Isus je bio me\u0111u nama, opipljivo, i ponovno nam pokazao da je svaki dan na\u0161ega \u017eivota prilika za ljubav.<\/p><p><strong>Elvira Vojni\u0107 Miljojkovi\u0107<\/strong><\/p>\t\t\t\t\t\t\t\t<\/div>\n\t\t\t\t<\/div>\n\t\t\t\t\t<\/div>\n\t\t<\/div>\n\t\t\t\t\t<\/div>\n\t\t<\/section>\n\t\t\t\t<\/div>\n\t\t","protected":false},"excerpt":{"rendered":"<p>Tijekom do\u0161a\u0161\u0107a, kao i prija\u0161njih godina, u \u017dupi Ro\u0111enja Bla\u017eene Djevice Marije organizirano je nekoliko aktivnosti i radionica. U ovim aktivnostima sudjelovala su djeca, njihovi roditelji i ostali vjernici. Geslo svih ovih aktivnosti bilo je: \u201eBog je ljubav\u201d. Vo\u0111eni tom istinom svi sudionici dali su dio sebe za druge. Zajedni\u0161tvo se produljilo i na svetkovanje Bo\u017ei\u0107a.<\/p>\n","protected":false},"author":6,"featured_media":29886,"comment_status":"closed","ping_status":"closed","sticky":false,"template":"","format":"standard","meta":{"site-sidebar-layout":"default","site-content-layout":"","ast-site-content-layout":"default","site-content-style":"default","site-sidebar-style":"default","ast-global-header-display":"","ast-banner-title-visibility":"","ast-main-header-display":"","ast-hfb-above-header-display":"","ast-hfb-below-header-display":"","ast-hfb-mobile-header-display":"","site-post-title":"","ast-breadcrumbs-content":"","ast-featured-img":"","footer-sml-layout":"","ast-disable-related-posts":"","theme-transparent-header-meta":"","adv-header-id-meta":"","stick-header-meta":"","header-above-stick-meta":"","header-main-stick-meta":"","header-below-stick-meta":"","astra-migrate-meta-layouts":"set","ast-page-background-enabled":"default","ast-page-background-meta":{"desktop":{"background-color":"","background-image":"","background-repeat":"repeat","background-position":"center center","background-size":"auto","background-attachment":"scroll","background-type":"","background-media":"","overlay-type":"","overlay-color":"","overlay-opacity":"","overlay-gradient":""},"tablet":{"background-color":"","background-image":"","background-repeat":"repeat","background-position":"center center","background-size":"auto","background-attachment":"scroll","background-type":"","background-media":"","overlay-type":"","overlay-color":"","overlay-opacity":"","overlay-gradient":""},"mobile":{"background-color":"","background-image":"","background-repeat":"repeat","background-position":"center center","background-size":"auto","background-attachment":"scroll","background-type":"","background-media":"","overlay-type":"","overlay-color":"","overlay-opacity":"","overlay-gradient":""}},"ast-content-background-meta":{"desktop":{"background-color":"var(--ast-global-color-5)","background-image":"","background-repeat":"repeat","background-position":"center center","background-size":"auto","background-attachment":"scroll","background-type":"","background-media":"","overlay-type":"","overlay-color":"","overlay-opacity":"","overlay-gradient":""},"tablet":{"background-color":"var(--ast-global-color-5)","background-image":"","background-repeat":"repeat","background-position":"center center","background-size":"auto","background-attachment":"scroll","background-type":"","background-media":"","overlay-type":"","overlay-color":"","overlay-opacity":"","overlay-gradient":""},"mobile":{"background-color":"var(--ast-global-color-5)","background-image":"","background-repeat":"repeat","background-position":"center center","background-size":"auto","background-attachment":"scroll","background-type":"","background-media":"","overlay-type":"","overlay-color":"","overlay-opacity":"","overlay-gradient":""}},"footnotes":""},"categories":[10],"tags":[],"class_list":["post-29885","post","type-post","status-publish","format-standard","has-post-thumbnail","hentry","category-novosti"],"_links":{"self":[{"href":"https:\/\/catholic-su.rs\/hr\/wp-json\/wp\/v2\/posts\/29885","targetHints":{"allow":["GET"]}}],"collection":[{"href":"https:\/\/catholic-su.rs\/hr\/wp-json\/wp\/v2\/posts"}],"about":[{"href":"https:\/\/catholic-su.rs\/hr\/wp-json\/wp\/v2\/types\/post"}],"author":[{"embeddable":true,"href":"https:\/\/catholic-su.rs\/hr\/wp-json\/wp\/v2\/users\/6"}],"replies":[{"embeddable":true,"href":"https:\/\/catholic-su.rs\/hr\/wp-json\/wp\/v2\/comments?post=29885"}],"version-history":[{"count":5,"href":"https:\/\/catholic-su.rs\/hr\/wp-json\/wp\/v2\/posts\/29885\/revisions"}],"predecessor-version":[{"id":36661,"href":"https:\/\/catholic-su.rs\/hr\/wp-json\/wp\/v2\/posts\/29885\/revisions\/36661"}],"wp:featuredmedia":[{"embeddable":true,"href":"https:\/\/catholic-su.rs\/hr\/wp-json\/wp\/v2\/media\/29886"}],"wp:attachment":[{"href":"https:\/\/catholic-su.rs\/hr\/wp-json\/wp\/v2\/media?parent=29885"}],"wp:term":[{"taxonomy":"category","embeddable":true,"href":"https:\/\/catholic-su.rs\/hr\/wp-json\/wp\/v2\/categories?post=29885"},{"taxonomy":"post_tag","embeddable":true,"href":"https:\/\/catholic-su.rs\/hr\/wp-json\/wp\/v2\/tags?post=29885"}],"curies":[{"name":"wp","href":"https:\/\/api.w.org\/{rel}","templated":true}]}}