{"id":27706,"date":"2022-10-21T12:00:53","date_gmt":"2022-10-21T10:00:53","guid":{"rendered":"https:\/\/catholic-su.rs\/?p=27706"},"modified":"2024-01-29T15:53:02","modified_gmt":"2024-01-29T14:53:02","slug":"fazekas-ferenc","status":"publish","type":"post","link":"https:\/\/catholic-su.rs\/hr\/fazekas-ferenc\/","title":{"rendered":"Fazekas Ferenc"},"content":{"rendered":"\t\t<div data-elementor-type=\"wp-post\" data-elementor-id=\"27706\" class=\"elementor elementor-27706\" data-elementor-post-type=\"post\">\n\t\t\t\t\t\t<section class=\"elementor-section elementor-top-section elementor-element elementor-element-0a7031d elementor-section-height-min-height elementor-section-content-middle elementor-section-boxed elementor-section-height-default elementor-section-items-middle\" data-id=\"0a7031d\" data-element_type=\"section\" data-e-type=\"section\" data-settings=\"{&quot;background_background&quot;:&quot;classic&quot;}\">\n\t\t\t\t\t\t<div class=\"elementor-container elementor-column-gap-default\">\n\t\t\t\t\t<div class=\"elementor-column elementor-col-50 elementor-top-column elementor-element elementor-element-bb2f81c\" data-id=\"bb2f81c\" data-element_type=\"column\" data-e-type=\"column\">\n\t\t\t<div class=\"elementor-widget-wrap elementor-element-populated\">\n\t\t\t\t\t\t<div class=\"elementor-element elementor-element-be4f181 elementor-widget elementor-widget-image\" data-id=\"be4f181\" data-element_type=\"widget\" data-e-type=\"widget\" data-widget_type=\"image.default\">\n\t\t\t\t<div class=\"elementor-widget-container\">\n\t\t\t\t\t\t\t\t\t\t\t\t\t\t\t\t<a href=\"https:\/\/catholic-su.rs\/hr\/\">\n\t\t\t\t\t\t\t<img decoding=\"async\" width=\"190\" height=\"101\" src=\"https:\/\/catholic-su.rs\/wp-content\/uploads\/2022\/10\/logoi-hr-1-1-1.png\" class=\"attachment-full size-full wp-image-22107\" alt=\"\" \/>\t\t\t\t\t\t\t\t<\/a>\n\t\t\t\t\t\t\t\t\t\t\t\t\t\t\t<\/div>\n\t\t\t\t<\/div>\n\t\t\t\t\t<\/div>\n\t\t<\/div>\n\t\t\t\t<div class=\"elementor-column elementor-col-50 elementor-top-column elementor-element elementor-element-4ba2ee9\" data-id=\"4ba2ee9\" data-element_type=\"column\" data-e-type=\"column\">\n\t\t\t<div class=\"elementor-widget-wrap\">\n\t\t\t\t\t\t\t<\/div>\n\t\t<\/div>\n\t\t\t\t\t<\/div>\n\t\t<\/section>\n\t\t\t\t<section class=\"elementor-section elementor-top-section elementor-element elementor-element-3d6c52d4 elementor-section-boxed elementor-section-height-default elementor-section-height-default\" data-id=\"3d6c52d4\" data-element_type=\"section\" data-e-type=\"section\">\n\t\t\t\t\t\t<div class=\"elementor-container elementor-column-gap-default\">\n\t\t\t\t\t<div class=\"elementor-column elementor-col-100 elementor-top-column elementor-element elementor-element-22bf911a\" data-id=\"22bf911a\" data-element_type=\"column\" data-e-type=\"column\" data-settings=\"{&quot;background_background&quot;:&quot;classic&quot;}\">\n\t\t\t<div class=\"elementor-widget-wrap elementor-element-populated\">\n\t\t\t\t\t\t<div class=\"elementor-element elementor-element-44c163ef elementor-widget elementor-widget-heading\" data-id=\"44c163ef\" data-element_type=\"widget\" data-e-type=\"widget\" data-widget_type=\"heading.default\">\n\t\t\t\t<div class=\"elementor-widget-container\">\n\t\t\t\t\t<h2 class=\"elementor-heading-title elementor-size-default\">Fazekas Ferenc<\/h2>\t\t\t\t<\/div>\n\t\t\t\t<\/div>\n\t\t\t\t\t<\/div>\n\t\t<\/div>\n\t\t\t\t\t<\/div>\n\t\t<\/section>\n\t\t\t\t<section class=\"elementor-section elementor-top-section elementor-element elementor-element-75e3e2a elementor-section-boxed elementor-section-height-default elementor-section-height-default\" data-id=\"75e3e2a\" data-element_type=\"section\" data-e-type=\"section\">\n\t\t\t\t\t\t<div class=\"elementor-container elementor-column-gap-default\">\n\t\t\t\t\t<div class=\"elementor-column elementor-col-33 elementor-top-column elementor-element elementor-element-748e48a2\" data-id=\"748e48a2\" data-element_type=\"column\" data-e-type=\"column\">\n\t\t\t<div class=\"elementor-widget-wrap elementor-element-populated\">\n\t\t\t\t\t\t<div class=\"elementor-element elementor-element-7b47e343 elementor-widget elementor-widget-image\" data-id=\"7b47e343\" data-element_type=\"widget\" data-e-type=\"widget\" data-widget_type=\"image.default\">\n\t\t\t\t<div class=\"elementor-widget-container\">\n\t\t\t\t\t\t\t\t\t\t\t\t<figure class=\"wp-caption\">\n\t\t\t\t\t\t\t\t\t\t<img fetchpriority=\"high\" decoding=\"async\" width=\"1200\" height=\"1200\" src=\"https:\/\/catholic-su.rs\/wp-content\/uploads\/2024\/01\/biskup-1-1-1.jpg\" class=\"attachment-full size-full wp-image-36585\" alt=\"\" srcset=\"https:\/\/catholic-su.rs\/wp-content\/uploads\/2024\/01\/biskup-1-1-1.jpg 1200w, https:\/\/catholic-su.rs\/wp-content\/uploads\/2024\/01\/biskup-1-1-1-300x300.jpg 300w, https:\/\/catholic-su.rs\/wp-content\/uploads\/2024\/01\/biskup-1-1-1-1024x1024.jpg 1024w, https:\/\/catholic-su.rs\/wp-content\/uploads\/2024\/01\/biskup-1-1-1-150x150.jpg 150w, https:\/\/catholic-su.rs\/wp-content\/uploads\/2024\/01\/biskup-1-1-1-768x768.jpg 768w\" sizes=\"(max-width: 1200px) 100vw, 1200px\" \/>\t\t\t\t\t\t\t\t\t\t\t<figcaption class=\"widget-image-caption wp-caption-text\">Foto: Attila Kov\u00e1cs \/ Suboti\u010dka biskupija<\/figcaption>\n\t\t\t\t\t\t\t\t\t\t<\/figure>\n\t\t\t\t\t\t\t\t\t<\/div>\n\t\t\t\t<\/div>\n\t\t\t\t\t<\/div>\n\t\t<\/div>\n\t\t\t\t<div class=\"elementor-column elementor-col-33 elementor-top-column elementor-element elementor-element-355776ee\" data-id=\"355776ee\" data-element_type=\"column\" data-e-type=\"column\">\n\t\t\t<div class=\"elementor-widget-wrap elementor-element-populated\">\n\t\t\t\t\t\t<div class=\"elementor-element elementor-element-6966cda elementor-widget elementor-widget-text-editor\" data-id=\"6966cda\" data-element_type=\"widget\" data-e-type=\"widget\" data-widget_type=\"text-editor.default\">\n\t\t\t\t<div class=\"elementor-widget-container\">\n\t\t\t\t\t\t\t\t\t<p><strong>Mjesto i datum ro\u0111enja:<\/strong><br \/>Be\u010dej, 29.09.1958.<\/p><p><strong>Mjesto i datum re\u0111enja:<\/strong><br \/>Sv. Terezija Avilska \u2013 Subotica, 29.06.1984.<br \/>Sv. Terezija Avilska \u2013 Subotica, 11.11.2023.<\/p>\t\t\t\t\t\t\t\t<\/div>\n\t\t\t\t<\/div>\n\t\t\t\t\t<\/div>\n\t\t<\/div>\n\t\t\t\t<div class=\"elementor-column elementor-col-33 elementor-top-column elementor-element elementor-element-4f46c2bb\" data-id=\"4f46c2bb\" data-element_type=\"column\" data-e-type=\"column\">\n\t\t\t<div class=\"elementor-widget-wrap elementor-element-populated\">\n\t\t\t\t\t\t<div class=\"elementor-element elementor-element-4acb5cc7 elementor-widget elementor-widget-image\" data-id=\"4acb5cc7\" data-element_type=\"widget\" data-e-type=\"widget\" data-widget_type=\"image.default\">\n\t\t\t\t<div class=\"elementor-widget-container\">\n\t\t\t\t\t\t\t\t\t\t\t\t\t\t\t<img decoding=\"async\" width=\"2500\" height=\"2506\" src=\"https:\/\/catholic-su.rs\/wp-content\/uploads\/2024\/01\/biskupski-grb-1-1.png\" class=\"attachment-full size-full wp-image-36587\" alt=\"\" srcset=\"https:\/\/catholic-su.rs\/wp-content\/uploads\/2024\/01\/biskupski-grb-1-1.png 2500w, https:\/\/catholic-su.rs\/wp-content\/uploads\/2024\/01\/biskupski-grb-1-1-300x300.png 300w, https:\/\/catholic-su.rs\/wp-content\/uploads\/2024\/01\/biskupski-grb-1-1-1022x1024.png 1022w, https:\/\/catholic-su.rs\/wp-content\/uploads\/2024\/01\/biskupski-grb-1-1-150x150.png 150w, https:\/\/catholic-su.rs\/wp-content\/uploads\/2024\/01\/biskupski-grb-1-1-768x770.png 768w, https:\/\/catholic-su.rs\/wp-content\/uploads\/2024\/01\/biskupski-grb-1-1-1532x1536.png 1532w, https:\/\/catholic-su.rs\/wp-content\/uploads\/2024\/01\/biskupski-grb-1-1-2043x2048.png 2043w\" sizes=\"(max-width: 2500px) 100vw, 2500px\" \/>\t\t\t\t\t\t\t\t\t\t\t\t\t\t\t<\/div>\n\t\t\t\t<\/div>\n\t\t\t\t\t<\/div>\n\t\t<\/div>\n\t\t\t\t\t<\/div>\n\t\t<\/section>\n\t\t\t\t<section class=\"elementor-section elementor-top-section elementor-element elementor-element-3571eec elementor-section-boxed elementor-section-height-default elementor-section-height-default\" data-id=\"3571eec\" data-element_type=\"section\" data-e-type=\"section\">\n\t\t\t\t\t\t<div class=\"elementor-container elementor-column-gap-default\">\n\t\t\t\t\t<div class=\"elementor-column elementor-col-100 elementor-top-column elementor-element elementor-element-275c9a9\" data-id=\"275c9a9\" data-element_type=\"column\" data-e-type=\"column\">\n\t\t\t<div class=\"elementor-widget-wrap elementor-element-populated\">\n\t\t\t\t\t\t<div class=\"elementor-element elementor-element-f1f33e1 elementor-widget-divider--view-line elementor-widget elementor-widget-divider\" data-id=\"f1f33e1\" data-element_type=\"widget\" data-e-type=\"widget\" data-widget_type=\"divider.default\">\n\t\t\t\t<div class=\"elementor-widget-container\">\n\t\t\t\t\t\t\t<div class=\"elementor-divider\">\n\t\t\t<span class=\"elementor-divider-separator\">\n\t\t\t\t\t\t<\/span>\n\t\t<\/div>\n\t\t\t\t\t\t<\/div>\n\t\t\t\t<\/div>\n\t\t\t\t<div class=\"elementor-element elementor-element-45b10f4 elementor-widget elementor-widget-text-editor\" data-id=\"45b10f4\" data-element_type=\"widget\" data-e-type=\"widget\" data-widget_type=\"text-editor.default\">\n\t\t\t\t<div class=\"elementor-widget-container\">\n\t\t\t\t\t\t\t\t\t<p><strong>Biografija<\/strong><\/p>\t\t\t\t\t\t\t\t<\/div>\n\t\t\t\t<\/div>\n\t\t\t\t\t<\/div>\n\t\t<\/div>\n\t\t\t\t\t<\/div>\n\t\t<\/section>\n\t\t\t\t<section class=\"elementor-section elementor-top-section elementor-element elementor-element-aeae76e elementor-section-boxed elementor-section-height-default elementor-section-height-default\" data-id=\"aeae76e\" data-element_type=\"section\" data-e-type=\"section\">\n\t\t\t\t\t\t<div class=\"elementor-container elementor-column-gap-default\">\n\t\t\t\t\t<div class=\"elementor-column elementor-col-50 elementor-top-column elementor-element elementor-element-4745958\" data-id=\"4745958\" data-element_type=\"column\" data-e-type=\"column\">\n\t\t\t<div class=\"elementor-widget-wrap elementor-element-populated\">\n\t\t\t\t\t\t<div class=\"elementor-element elementor-element-a298212 elementor-widget elementor-widget-text-editor\" data-id=\"a298212\" data-element_type=\"widget\" data-e-type=\"widget\" data-widget_type=\"text-editor.default\">\n\t\t\t\t<div class=\"elementor-widget-container\">\n\t\t\t\t\t\t\t\t\t<p>Ferenc Fazekas ro\u0111en je 29. rujna 1958. godine u Be\u010deju. Biskupijsku klasi\u010dnu gimnaziju \u201ePaulinum\u201c u Subotici poha\u0111ao je kao pitomac istoimenog malog sjemeni\u0161ta. Potom je kao bogoslov Suboti\u010dke biskupije period od 1977. do 1984. godine proveo na odgoju u Nadbiskupijskom bogoslovnom sjemeni\u0161tu u Zagrebu, gdje je na Katoli\u010dkom bogoslovnom fakultetu studirao filozofiju i teologiju.<\/p><p>Za sve\u0107enika Suboti\u010dke biskupije zare\u0111en je 29. lipnja 1984. godine u suboti\u010dkoj katedrali Sv. Terezije Avilske. Prve dvije godine sve\u0107eni\u010dke slu\u017ebe djelovao je kao \u017eupni vikar u \u017eupi Presv. Trojstva u Somboru, da bi potom dvije godine vr\u0161io slu\u017ebu \u017eupnog vikara u Ba\u010dkoj Topoli, uz \u0161to je 1986. godine bio imenovan i upraviteljem \u017eupe u Baj\u0161i. Slu\u017ebu upravitelja \u017eupe u Bogojevu i Srpskom Mileti\u0107u obna\u0161ao je od 1988. godine. \u017dupni\u010dku slu\u017ebu vr\u0161io je od 1994. godine u \u017eupi Sv. Franje u Senti, zatim od 1998. godine u Ba\u010dkoj Topoli, te je 2021. godine imenovan \u017eupnikom \u017eupe Sv. Jurja u Subotici.\u00a0<\/p>\t\t\t\t\t\t\t\t<\/div>\n\t\t\t\t<\/div>\n\t\t\t\t\t<\/div>\n\t\t<\/div>\n\t\t\t\t<div class=\"elementor-column elementor-col-50 elementor-top-column elementor-element elementor-element-13bb110\" data-id=\"13bb110\" data-element_type=\"column\" data-e-type=\"column\">\n\t\t\t<div class=\"elementor-widget-wrap elementor-element-populated\">\n\t\t\t\t\t\t<div class=\"elementor-element elementor-element-6d00499 elementor-widget elementor-widget-text-editor\" data-id=\"6d00499\" data-element_type=\"widget\" data-e-type=\"widget\" data-widget_type=\"text-editor.default\">\n\t\t\t\t<div class=\"elementor-widget-container\">\n\t\t\t\t\t\t\t\t\t<p>U razdoblju izme\u0111u 2005. i 2012. godine vr\u0161io je slu\u017ebu dekana Ba\u010dkotopolskog dekanata, a od 2012. do 2020. godine bio je arhiprezbiter Potiskog arhiprezbiterata.<\/p><p>Godine 2020. imenovan je generalnim vikarom Suboti\u010dke biskupije. Ovu slu\u017ebu vr\u0161io je sve do smrti biskupa Ve\u010derina, te je 29. kolovoza 2022. bio izabran za dijecezanskog upravitelja Suboti\u010dke biskupije.<\/p><p>Dana, 7. listopada 2023. papa Franjo imenovao ga je suboti\u010dkim dijecezanskim biskupom.<\/p><p>Dana, 11. studenoga 2023. zare\u0111en je za biskupa u katedrali svete Terezije Avilske u Subotici. Glavni posvetitelj bio je zagreba\u010dki nadbiskup metropolit Dra\u017een Kutle\u0161a, a suzareditelji mons. dr. Bal\u00e1zs B\u00e1bel kalo\u010dko-ke\u010dkemetski nadbiskup i metropolit i mons. dr. Vlado Ko\u0161i\u0107 sisa\u010dki biskup.<\/p>\t\t\t\t\t\t\t\t<\/div>\n\t\t\t\t<\/div>\n\t\t\t\t\t<\/div>\n\t\t<\/div>\n\t\t\t\t\t<\/div>\n\t\t<\/section>\n\t\t\t\t<section class=\"elementor-section elementor-top-section elementor-element elementor-element-5ab4772 elementor-section-boxed elementor-section-height-default elementor-section-height-default\" data-id=\"5ab4772\" data-element_type=\"section\" data-e-type=\"section\">\n\t\t\t\t\t\t<div class=\"elementor-container elementor-column-gap-default\">\n\t\t\t\t\t<div class=\"elementor-column elementor-col-100 elementor-top-column elementor-element elementor-element-1b2529a9\" data-id=\"1b2529a9\" data-element_type=\"column\" data-e-type=\"column\">\n\t\t\t<div class=\"elementor-widget-wrap elementor-element-populated\">\n\t\t\t\t\t\t<div class=\"elementor-element elementor-element-2f4e93a6 elementor-widget elementor-widget-image\" data-id=\"2f4e93a6\" data-element_type=\"widget\" data-e-type=\"widget\" data-widget_type=\"image.default\">\n\t\t\t\t<div class=\"elementor-widget-container\">\n\t\t\t\t\t\t\t\t\t\t\t\t\t\t\t<img loading=\"lazy\" decoding=\"async\" width=\"2500\" height=\"2506\" src=\"https:\/\/catholic-su.rs\/wp-content\/uploads\/2024\/01\/biskupski-grb-1.png\" class=\"attachment-full size-full wp-image-27710\" alt=\"\" srcset=\"https:\/\/catholic-su.rs\/wp-content\/uploads\/2024\/01\/biskupski-grb-1.png 2500w, https:\/\/catholic-su.rs\/wp-content\/uploads\/2024\/01\/biskupski-grb-1-300x300.png 300w, https:\/\/catholic-su.rs\/wp-content\/uploads\/2024\/01\/biskupski-grb-1-1022x1024.png 1022w, https:\/\/catholic-su.rs\/wp-content\/uploads\/2024\/01\/biskupski-grb-1-150x150.png 150w, https:\/\/catholic-su.rs\/wp-content\/uploads\/2024\/01\/biskupski-grb-1-768x770.png 768w, https:\/\/catholic-su.rs\/wp-content\/uploads\/2024\/01\/biskupski-grb-1-1532x1536.png 1532w, https:\/\/catholic-su.rs\/wp-content\/uploads\/2024\/01\/biskupski-grb-1-2043x2048.png 2043w\" sizes=\"(max-width: 2500px) 100vw, 2500px\" \/>\t\t\t\t\t\t\t\t\t\t\t\t\t\t\t<\/div>\n\t\t\t\t<\/div>\n\t\t\t\t\t<\/div>\n\t\t<\/div>\n\t\t\t\t\t<\/div>\n\t\t<\/section>\n\t\t\t\t<section class=\"elementor-section elementor-top-section elementor-element elementor-element-2f74625 elementor-section-boxed elementor-section-height-default elementor-section-height-default\" data-id=\"2f74625\" data-element_type=\"section\" data-e-type=\"section\">\n\t\t\t\t\t\t<div class=\"elementor-container elementor-column-gap-default\">\n\t\t\t\t\t<div class=\"elementor-column elementor-col-100 elementor-top-column elementor-element elementor-element-dd0a552\" data-id=\"dd0a552\" data-element_type=\"column\" data-e-type=\"column\">\n\t\t\t<div class=\"elementor-widget-wrap elementor-element-populated\">\n\t\t\t\t\t\t<div class=\"elementor-element elementor-element-9afa7ea elementor-widget-divider--view-line elementor-widget elementor-widget-divider\" data-id=\"9afa7ea\" data-element_type=\"widget\" data-e-type=\"widget\" data-widget_type=\"divider.default\">\n\t\t\t\t<div class=\"elementor-widget-container\">\n\t\t\t\t\t\t\t<div class=\"elementor-divider\">\n\t\t\t<span class=\"elementor-divider-separator\">\n\t\t\t\t\t\t<\/span>\n\t\t<\/div>\n\t\t\t\t\t\t<\/div>\n\t\t\t\t<\/div>\n\t\t\t\t<div class=\"elementor-element elementor-element-d83a473 elementor-widget elementor-widget-text-editor\" data-id=\"d83a473\" data-element_type=\"widget\" data-e-type=\"widget\" data-widget_type=\"text-editor.default\">\n\t\t\t\t<div class=\"elementor-widget-container\">\n\t\t\t\t\t\t\t\t\t<p><strong>Biskupov grb<\/strong><\/p>\t\t\t\t\t\t\t\t<\/div>\n\t\t\t\t<\/div>\n\t\t\t\t\t<\/div>\n\t\t<\/div>\n\t\t\t\t\t<\/div>\n\t\t<\/section>\n\t\t\t\t<section class=\"elementor-section elementor-top-section elementor-element elementor-element-36eec52 elementor-section-boxed elementor-section-height-default elementor-section-height-default\" data-id=\"36eec52\" data-element_type=\"section\" data-e-type=\"section\">\n\t\t\t\t\t\t<div class=\"elementor-container elementor-column-gap-default\">\n\t\t\t\t\t<div class=\"elementor-column elementor-col-50 elementor-top-column elementor-element elementor-element-64960b9\" data-id=\"64960b9\" data-element_type=\"column\" data-e-type=\"column\">\n\t\t\t<div class=\"elementor-widget-wrap elementor-element-populated\">\n\t\t\t\t\t\t<div class=\"elementor-element elementor-element-36d3502 elementor-widget elementor-widget-text-editor\" data-id=\"36d3502\" data-element_type=\"widget\" data-e-type=\"widget\" data-widget_type=\"text-editor.default\">\n\t\t\t\t<div class=\"elementor-widget-container\">\n\t\t\t\t\t\t\t\t\t<p>Biskupski grb i geslo nastoje, na razini simbola, priop\u0107iti sa\u017eetak osobnosti i slu\u017ebe pastira jedne mjesne Crkve te ujedno dozna\u010diti smjer pastoralnog djelovanja. Grb suboti\u010dkog biskupa, Ferenca Fazekasa, sa-dr\u017ei sljede\u0107e heraldi\u010dke oznake: \u0161tit, koji svojim oblikom slijedi grb grada Subotice, sjedi\u0161ta biskupije. Podijeljen je u tri polja, a raspored polj\u00e2 i njihove boje (plava, crvena i zelena) preuzeti su iz grba Suboti\u010dke biskupije. U prvom, plavom polju, nalazi se zlatni kale\u017e s hostijom, u drugom, crvenom polju smje\u0161tena je sedmerokraka zvijezda, a u zelenom polju otvorena knjiga s latinskim natpisom \u201ePax et bonum\u201c. Ponad \u0161tita je zlatni pastoralni kri\u017e nadvi\u0161en zelenim galerom s po \u0161est zelenih ki\u0107anki sa svake strane (znak biskupske slu\u017ebe). U dnu, na bijeloj vrpci, ispisano je crnom bojom geslo: \u201eSpe gaudentes \u2013 U nadi radosni\u201c (usp. Rim 12,12).<\/p><p>U prvom, plavom polju, nalazi se simbol sakramenta Presvete E-uharistije. Sakrament je to kojem te\u017ei djelovanje Crkve, vrelo iz kojega struji sva snaga Crkve (usp. SC 10), ali i sakrament u kojem se na najja-sniji na\u010din o\u010dituje zajedni\u0161tvo vjernika jedne biskupije koji, kao plod sa-kramenta Euharistije, u svijet ulijevaju radost, mir, sigurnost i povjerenje \u0161to je prikazano plavom bojom. Plava boja ujedno je i boja neba te su u njoj o\u010dituje poziv da ne te\u017eimo za zemaljskim, ve\u0107 za nebeskim: \u201eZa o-nim gore te\u017eite, ne za zemaljskim! Ta umrijeste i \u017eivot je va\u0161 skriven s Kristom u Bogu! Kad se pojavi Krist, \u017eivot va\u0161, tada \u0107ete se i vi s njime pojaviti u slavi\u201c (usp. Kol 3,2-4).<\/p><p>U sredi\u0161tu drugog, crvenog polja, nalazi se sedmerokraka\u00a0<\/p>\t\t\t\t\t\t\t\t<\/div>\n\t\t\t\t<\/div>\n\t\t\t\t\t<\/div>\n\t\t<\/div>\n\t\t\t\t<div class=\"elementor-column elementor-col-50 elementor-top-column elementor-element elementor-element-c944e20\" data-id=\"c944e20\" data-element_type=\"column\" data-e-type=\"column\">\n\t\t\t<div class=\"elementor-widget-wrap elementor-element-populated\">\n\t\t\t\t\t\t<div class=\"elementor-element elementor-element-a453b6d elementor-widget elementor-widget-text-editor\" data-id=\"a453b6d\" data-element_type=\"widget\" data-e-type=\"widget\" data-widget_type=\"text-editor.default\">\n\t\t\t\t<div class=\"elementor-widget-container\">\n\t\t\t\t\t\t\t\t\t<p>zlatna zvijezda, simbol Presvete Bogorodice, Zvijezde Mora,\u00a0ali i sedam svetih sakramenta \u201ekoji su usmjereni na posve\u0107enje ljudi, na izgradnju Kristova Tijela te napokon na iskazivanje \u0161tovanje Bogu\u2026 Oni ne samo da vjeru pretpostavljaju nego je rije\u010dima i stvarima hrane krijepe i izra\u017eavaju\u201c (SC 59). Ta pak vjera na poseban na\u010din o\u010dituje se u djelima milosr\u0111a i ljubavi \u0161to je prikazano crvenom bojom, a na tom putu Marija \u201esjaji po-U tre\u0107em, zelenom polju, nalazi se otvorena knjiga s natpisom \u201ePax et bonum \u2013 Mir i dobro\u201c. Natpis je to koji nas vodi do sv. Franje, nebeskog za\u0161titnika biskupa, ali i do Bo\u017eje rije\u010di koja nam, ako smo joj otvoreni, donosi plodove mira i dobra, ali i \u017eivota koji je prikazan zele-nom bojom.<\/p><p>Zlatni kri\u017e koji se nalazi u pozadini \u0161tita, oblikom je preuzet s tornjeva suboti\u010dke katedrale i ukra\u0161en je s pet crvenih krugova kao sim-bolima pet Kristovih rana. Zajedno sa zelenim galerom i \u0161est ki\u0107anki, upu\u0107uje na to da je nositelj grba dijecezanski biskup. Kako bi se naglasilo apostolsko naslje\u0111e na biskupskoj katedri, ali i zahvalnost za dar \u017eivota prethodnog pastira, mons. Slavka Ve\u010derina, biskupski \u0161e\u0161ir, ki\u0107anke i traka s geslom preuzeti su iz njegova grba.<\/p><p>Rije\u010di gesla \u201eSpe gaudentes\u201c, uzete od sv. Pavla, za\u0161titnika Subo-ti\u010dke biskupije, u cjelovitosti glase: \u201eU nadi budite radosni, u nevolji str-pljivi, u molitvi postojani!\u201c (Rim 12,12). Apostol narod\u00e2 s ljubavlju bodri povjerenu mu zajednicu. Tako i pastirsko djelovanje Ferenca, usidreno na slu\u017ebi apostol\u00e2, postaje zauzetost za dobrobit stada kojega treba utvr-diti u radosti, strpljivosti i postojanosti.<\/p><p>vl\u010d. mr. Tomislav Ha\u010dko i vl\u010d. Dragan Muharem<\/p>\t\t\t\t\t\t\t\t<\/div>\n\t\t\t\t<\/div>\n\t\t\t\t\t<\/div>\n\t\t<\/div>\n\t\t\t\t\t<\/div>\n\t\t<\/section>\n\t\t\t\t<\/div>\n\t\t","protected":false},"excerpt":{"rendered":"<p> [&hellip;]<\/p>\n","protected":false},"author":6,"featured_media":27428,"comment_status":"closed","ping_status":"closed","sticky":false,"template":"","format":"standard","meta":{"site-sidebar-layout":"default","site-content-layout":"default","ast-site-content-layout":"default","site-content-style":"default","site-sidebar-style":"default","ast-global-header-display":"","ast-banner-title-visibility":"","ast-main-header-display":"","ast-hfb-above-header-display":"","ast-hfb-below-header-display":"","ast-hfb-mobile-header-display":"","site-post-title":"disabled","ast-breadcrumbs-content":"","ast-featured-img":"disabled","footer-sml-layout":"","ast-disable-related-posts":"","theme-transparent-header-meta":"default","adv-header-id-meta":"","stick-header-meta":"default","header-above-stick-meta":"","header-main-stick-meta":"","header-below-stick-meta":"","astra-migrate-meta-layouts":"set","ast-page-background-enabled":"default","ast-page-background-meta":{"desktop":{"background-color":"","background-image":"","background-repeat":"repeat","background-position":"center center","background-size":"auto","background-attachment":"scroll","background-type":"","background-media":"","overlay-type":"","overlay-color":"","overlay-opacity":"","overlay-gradient":""},"tablet":{"background-color":"","background-image":"","background-repeat":"repeat","background-position":"center center","background-size":"auto","background-attachment":"scroll","background-type":"","background-media":"","overlay-type":"","overlay-color":"","overlay-opacity":"","overlay-gradient":""},"mobile":{"background-color":"","background-image":"","background-repeat":"repeat","background-position":"center center","background-size":"auto","background-attachment":"scroll","background-type":"","background-media":"","overlay-type":"","overlay-color":"","overlay-opacity":"","overlay-gradient":""}},"ast-content-background-meta":{"desktop":{"background-color":"var(--ast-global-color-5)","background-image":"","background-repeat":"repeat","background-position":"center center","background-size":"auto","background-attachment":"scroll","background-type":"","background-media":"","overlay-type":"","overlay-color":"","overlay-opacity":"","overlay-gradient":""},"tablet":{"background-color":"var(--ast-global-color-5)","background-image":"","background-repeat":"repeat","background-position":"center center","background-size":"auto","background-attachment":"scroll","background-type":"","background-media":"","overlay-type":"","overlay-color":"","overlay-opacity":"","overlay-gradient":""},"mobile":{"background-color":"var(--ast-global-color-5)","background-image":"","background-repeat":"repeat","background-position":"center center","background-size":"auto","background-attachment":"scroll","background-type":"","background-media":"","overlay-type":"","overlay-color":"","overlay-opacity":"","overlay-gradient":""}},"footnotes":""},"categories":[264],"tags":[],"class_list":["post-27706","post","type-post","status-publish","format-standard","has-post-thumbnail","hentry","category-biskupi"],"_links":{"self":[{"href":"https:\/\/catholic-su.rs\/hr\/wp-json\/wp\/v2\/posts\/27706","targetHints":{"allow":["GET"]}}],"collection":[{"href":"https:\/\/catholic-su.rs\/hr\/wp-json\/wp\/v2\/posts"}],"about":[{"href":"https:\/\/catholic-su.rs\/hr\/wp-json\/wp\/v2\/types\/post"}],"author":[{"embeddable":true,"href":"https:\/\/catholic-su.rs\/hr\/wp-json\/wp\/v2\/users\/6"}],"replies":[{"embeddable":true,"href":"https:\/\/catholic-su.rs\/hr\/wp-json\/wp\/v2\/comments?post=27706"}],"version-history":[{"count":5,"href":"https:\/\/catholic-su.rs\/hr\/wp-json\/wp\/v2\/posts\/27706\/revisions"}],"predecessor-version":[{"id":36591,"href":"https:\/\/catholic-su.rs\/hr\/wp-json\/wp\/v2\/posts\/27706\/revisions\/36591"}],"wp:featuredmedia":[{"embeddable":true,"href":"https:\/\/catholic-su.rs\/hr\/wp-json\/wp\/v2\/media\/27428"}],"wp:attachment":[{"href":"https:\/\/catholic-su.rs\/hr\/wp-json\/wp\/v2\/media?parent=27706"}],"wp:term":[{"taxonomy":"category","embeddable":true,"href":"https:\/\/catholic-su.rs\/hr\/wp-json\/wp\/v2\/categories?post=27706"},{"taxonomy":"post_tag","embeddable":true,"href":"https:\/\/catholic-su.rs\/hr\/wp-json\/wp\/v2\/tags?post=27706"}],"curies":[{"name":"wp","href":"https:\/\/api.w.org\/{rel}","templated":true}]}}