{"id":22316,"date":"2022-10-21T17:15:37","date_gmt":"2022-10-21T15:15:37","guid":{"rendered":"https:\/\/catholic-su.rs\/balazevic-dusan\/"},"modified":"2024-09-05T22:14:55","modified_gmt":"2024-09-05T20:14:55","slug":"balazevic-dusan","status":"publish","type":"post","link":"https:\/\/catholic-su.rs\/hr\/balazevic-dusan\/","title":{"rendered":"Bala\u017eevi\u0107 Du\u0161an"},"content":{"rendered":"\t\t<div data-elementor-type=\"wp-post\" data-elementor-id=\"22316\" class=\"elementor elementor-22316 elementor-22310\" data-elementor-post-type=\"post\">\n\t\t\t\t\t\t<section class=\"elementor-section elementor-top-section elementor-element elementor-element-b39c203 elementor-section-boxed elementor-section-height-default elementor-section-height-default\" data-id=\"b39c203\" data-element_type=\"section\" data-e-type=\"section\">\n\t\t\t\t\t\t<div class=\"elementor-container elementor-column-gap-default\">\n\t\t\t\t\t<div class=\"elementor-column elementor-col-100 elementor-top-column elementor-element elementor-element-58730c4b\" data-id=\"58730c4b\" data-element_type=\"column\" data-e-type=\"column\" data-settings=\"{&quot;background_background&quot;:&quot;classic&quot;}\">\n\t\t\t<div class=\"elementor-widget-wrap elementor-element-populated\">\n\t\t\t\t\t\t<div class=\"elementor-element elementor-element-5c371749 elementor-widget elementor-widget-heading\" data-id=\"5c371749\" data-element_type=\"widget\" data-e-type=\"widget\" data-widget_type=\"heading.default\">\n\t\t\t\t<div class=\"elementor-widget-container\">\n\t\t\t\t\t<h2 class=\"elementor-heading-title elementor-size-default\">Bala\u017eevi\u0107 Du\u0161an <\/h2>\t\t\t\t<\/div>\n\t\t\t\t<\/div>\n\t\t\t\t\t<\/div>\n\t\t<\/div>\n\t\t\t\t\t<\/div>\n\t\t<\/section>\n\t\t\t\t<section class=\"elementor-section elementor-top-section elementor-element elementor-element-113f3b77 elementor-section-boxed elementor-section-height-default elementor-section-height-default\" data-id=\"113f3b77\" data-element_type=\"section\" data-e-type=\"section\">\n\t\t\t\t\t\t<div class=\"elementor-container elementor-column-gap-default\">\n\t\t\t\t\t<div class=\"elementor-column elementor-col-50 elementor-top-column elementor-element elementor-element-2162fc0c\" data-id=\"2162fc0c\" data-element_type=\"column\" data-e-type=\"column\">\n\t\t\t<div class=\"elementor-widget-wrap elementor-element-populated\">\n\t\t\t\t\t\t<div class=\"elementor-element elementor-element-6722c005 elementor-widget elementor-widget-image\" data-id=\"6722c005\" data-element_type=\"widget\" data-e-type=\"widget\" data-widget_type=\"image.default\">\n\t\t\t\t<div class=\"elementor-widget-container\">\n\t\t\t\t\t\t\t\t\t\t\t\t\t\t\t<img fetchpriority=\"high\" decoding=\"async\" width=\"852\" height=\"1000\" src=\"https:\/\/catholic-su.rs\/wp-content\/uploads\/2022\/10\/Balazevic-Dusan-1.jpg\" class=\"attachment-full size-full wp-image-35402\" alt=\"\" srcset=\"https:\/\/catholic-su.rs\/wp-content\/uploads\/2022\/10\/Balazevic-Dusan-1.jpg 852w, https:\/\/catholic-su.rs\/wp-content\/uploads\/2022\/10\/Balazevic-Dusan-1-256x300.jpg 256w, https:\/\/catholic-su.rs\/wp-content\/uploads\/2022\/10\/Balazevic-Dusan-1-768x901.jpg 768w\" sizes=\"(max-width: 852px) 100vw, 852px\" \/>\t\t\t\t\t\t\t\t\t\t\t\t\t\t\t<\/div>\n\t\t\t\t<\/div>\n\t\t\t\t\t<\/div>\n\t\t<\/div>\n\t\t\t\t<div class=\"elementor-column elementor-col-50 elementor-top-column elementor-element elementor-element-5a9e1ac0\" data-id=\"5a9e1ac0\" data-element_type=\"column\" data-e-type=\"column\">\n\t\t\t<div class=\"elementor-widget-wrap elementor-element-populated\">\n\t\t\t\t\t\t<div class=\"elementor-element elementor-element-2f907569 elementor-widget elementor-widget-text-editor\" data-id=\"2f907569\" data-element_type=\"widget\" data-e-type=\"widget\" data-widget_type=\"text-editor.default\">\n\t\t\t\t<div class=\"elementor-widget-container\">\n\t\t\t\t\t\t\t\t\t<p><strong>Aktualna slu\u017eba<\/strong><span style=\"font-weight: bold;\">:<\/span><br \/>\u017eupni vikar<a href=\"https:\/\/catholic-su.rs\/hr\/ime-marijino-novi-sad\/\"> Rimokatoli\u010dka \u017eupa Ime Marijino &#8211; Novi Sad, <\/a><a href=\"https:\/\/catholic-su.rs\/hr\/sv-rok-novi-sad\/\">Rimokatoli\u010dka \u017eupa sv. Rok &#8211; Novi Sad<\/a><\/p><p><strong>Adresa:<\/strong><br \/>Katoli\u010dka porta 3, 21000 Novi Sad<\/p><p><strong>E-mail:<\/strong><br \/><a href=\"mailto:balazevic.dusan@gmail.com\">balazevic.dusan@gmail.com<\/a><\/p><p><strong>Mjesto i datum ro\u0111enja<\/strong><span style=\"font-weight: bold;\">:<\/span><strong><br \/><\/strong>Subotica, 23.04.1992.<\/p><p><strong>Mjesto i datum re\u0111enja<\/strong><span style=\"font-weight: bold;\">:<\/span><br \/>Sv. Terezija Avilska &#8211; Subotica, 16.06.2022.<\/p>\t\t\t\t\t\t\t\t<\/div>\n\t\t\t\t<\/div>\n\t\t\t\t\t<\/div>\n\t\t<\/div>\n\t\t\t\t\t<\/div>\n\t\t<\/section>\n\t\t\t\t<\/div>\n\t\t","protected":false},"excerpt":{"rendered":"<p> [&hellip;]<\/p>\n","protected":false},"author":1,"featured_media":35402,"comment_status":"closed","ping_status":"closed","sticky":false,"template":"","format":"standard","meta":{"site-sidebar-layout":"default","site-content-layout":"","ast-site-content-layout":"default","site-content-style":"default","site-sidebar-style":"default","ast-global-header-display":"","ast-banner-title-visibility":"","ast-main-header-display":"","ast-hfb-above-header-display":"","ast-hfb-below-header-display":"","ast-hfb-mobile-header-display":"","site-post-title":"","ast-breadcrumbs-content":"","ast-featured-img":"","footer-sml-layout":"","ast-disable-related-posts":"","theme-transparent-header-meta":"","adv-header-id-meta":"","stick-header-meta":"","header-above-stick-meta":"","header-main-stick-meta":"","header-below-stick-meta":"","astra-migrate-meta-layouts":"set","ast-page-background-enabled":"default","ast-page-background-meta":{"desktop":{"background-color":"","background-image":"","background-repeat":"repeat","background-position":"center center","background-size":"auto","background-attachment":"scroll","background-type":"","background-media":"","overlay-type":"","overlay-color":"","overlay-opacity":"","overlay-gradient":""},"tablet":{"background-color":"","background-image":"","background-repeat":"repeat","background-position":"center center","background-size":"auto","background-attachment":"scroll","background-type":"","background-media":"","overlay-type":"","overlay-color":"","overlay-opacity":"","overlay-gradient":""},"mobile":{"background-color":"","background-image":"","background-repeat":"repeat","background-position":"center center","background-size":"auto","background-attachment":"scroll","background-type":"","background-media":"","overlay-type":"","overlay-color":"","overlay-opacity":"","overlay-gradient":""}},"ast-content-background-meta":{"desktop":{"background-color":"var(--ast-global-color-5)","background-image":"","background-repeat":"repeat","background-position":"center center","background-size":"auto","background-attachment":"scroll","background-type":"","background-media":"","overlay-type":"","overlay-color":"","overlay-opacity":"","overlay-gradient":""},"tablet":{"background-color":"var(--ast-global-color-5)","background-image":"","background-repeat":"repeat","background-position":"center center","background-size":"auto","background-attachment":"scroll","background-type":"","background-media":"","overlay-type":"","overlay-color":"","overlay-opacity":"","overlay-gradient":""},"mobile":{"background-color":"var(--ast-global-color-5)","background-image":"","background-repeat":"repeat","background-position":"center center","background-size":"auto","background-attachment":"scroll","background-type":"","background-media":"","overlay-type":"","overlay-color":"","overlay-opacity":"","overlay-gradient":""}},"footnotes":""},"categories":[7,1],"tags":[],"class_list":["post-22316","post","type-post","status-publish","format-standard","has-post-thumbnail","hentry","category-svecenici","category-uncategorized-hr"],"_links":{"self":[{"href":"https:\/\/catholic-su.rs\/hr\/wp-json\/wp\/v2\/posts\/22316","targetHints":{"allow":["GET"]}}],"collection":[{"href":"https:\/\/catholic-su.rs\/hr\/wp-json\/wp\/v2\/posts"}],"about":[{"href":"https:\/\/catholic-su.rs\/hr\/wp-json\/wp\/v2\/types\/post"}],"author":[{"embeddable":true,"href":"https:\/\/catholic-su.rs\/hr\/wp-json\/wp\/v2\/users\/1"}],"replies":[{"embeddable":true,"href":"https:\/\/catholic-su.rs\/hr\/wp-json\/wp\/v2\/comments?post=22316"}],"version-history":[{"count":5,"href":"https:\/\/catholic-su.rs\/hr\/wp-json\/wp\/v2\/posts\/22316\/revisions"}],"predecessor-version":[{"id":40241,"href":"https:\/\/catholic-su.rs\/hr\/wp-json\/wp\/v2\/posts\/22316\/revisions\/40241"}],"wp:featuredmedia":[{"embeddable":true,"href":"https:\/\/catholic-su.rs\/hr\/wp-json\/wp\/v2\/media\/35402"}],"wp:attachment":[{"href":"https:\/\/catholic-su.rs\/hr\/wp-json\/wp\/v2\/media?parent=22316"}],"wp:term":[{"taxonomy":"category","embeddable":true,"href":"https:\/\/catholic-su.rs\/hr\/wp-json\/wp\/v2\/categories?post=22316"},{"taxonomy":"post_tag","embeddable":true,"href":"https:\/\/catholic-su.rs\/hr\/wp-json\/wp\/v2\/tags?post=22316"}],"curies":[{"name":"wp","href":"https:\/\/api.w.org\/{rel}","templated":true}]}}